{"id":152378,"date":"2025-05-30T20:23:11","date_gmt":"2025-05-30T20:23:11","guid":{"rendered":"https:\/\/www.europesays.com\/de\/152378\/"},"modified":"2025-05-30T20:23:11","modified_gmt":"2025-05-30T20:23:11","slug":"so-blickt-sarah-connor-heute-darauf-zurueck","status":"publish","type":"post","link":"https:\/\/www.europesays.com\/de\/152378\/","title":{"rendered":"So blickt Sarah Connor heute darauf zur\u00fcck"},"content":{"rendered":"<ol class=\"id-DonaldBreadcrumb lp_west_breadcrumb id-DonaldBreadcrumb--default\" data-k5a-pos=\"west_breadcrumb\">\n<li class=\"id-Breadcrumb-item\"><a href=\"https:\/\/www.wa.de\/\" class=\"id-Breadcrumb-link\" data-id-ec=\"{\" shn=\"\" textlink=\"\" data-k5a-pos=\"1_waDe\" rel=\"nofollow noopener\" target=\"_blank\">wa.de<\/a><\/li>\n<li class=\"id-Breadcrumb-item\"><a href=\"https:\/\/www.wa.de\/stars-tv\/\" class=\"id-Breadcrumb-link\" data-id-ec=\"{\" shn=\"\" textlink=\"\" tv=\"\" data-k5a-pos=\"2_starsTv\" rel=\"nofollow noopener\" target=\"_blank\">Stars &amp; TV<\/a><\/li>\n<\/ol>\n<p class=\"id-Story-timestamp id-Story-timestamp--default\">Stand: 30.05.2025, 19:01 Uhr<\/p>\n<p class=\"id-Story-interactionBar id-Story-interactionBar--default\">DruckenTeilen<\/p>\n<p class=\"id-StoryElement-leadText\">Mit Anfang 20 wurde Popstar Sarah Connor zum ersten Mal Mama \u2013 nun berichtet die gefeierte S\u00e4ngerin, wie sie diese Zeit heute sieht.<\/p>\n<p class=\"id-StoryElement-paragraph\">C\u00f4te d\u2019Azur\u00a0\u2013\u00a0Mit gerade einmal 23 Jahren wurde Sarah Connor (44) zum ersten Mal Mutter: Sohn Tyler (21) machte damals den Anfang, kurz darauf kam Tochter Summer (18) zur Welt. In einem neuen Interview blickt die S\u00e4ngerin nun ehrlich auf ihre fr\u00fche Mutterschaft zur\u00fcck.\u00a0<\/p>\n<p>Sarah Connor reflektiert \u00fcber fr\u00fche Mutterschaft<\/p>\n<p class=\"id-StoryElement-paragraph\">In einem Gespr\u00e4ch mit der Zeitschrift \u201eBunte\u201c offenbart die 44-J\u00e4hrige, dass sie als junge Frau Anfang 20 bereits \u201eviel Verantwortung\u201c zu tragen hatte. \u201eDer Raum, den ich f\u00fcr mich hatte, war sehr klein, sodass ich irgendwann das Bed\u00fcrfnis hatte, mich freizuschwimmen. Jetzt, da die Kinder gr\u00f6\u00dfer werden, habe ich endlich die Chance dazu\u201d, erkl\u00e4rt Sarah Connor.\u00a0<\/p>\n<p>Von Roland Kaiser bis Helene Fischer: Diese Promis spielten bereits im \u201eTatort\u201c mit<img decoding=\"async\" class=\"id-RatioPlaceholder-element wv_story_el_interstitialImage\" src=\"https:\/\/www.europesays.com\/de\/wp-content\/uploads\/2025\/04\/1744218369_391_33900387-helene-fischer-roland-kaiser-udo-lindenberg-tatort-3ufe.jpg\" loading=\"lazy\"   height=\"2160\" width=\"3240\" alt=\"v. l. n. r. Helene Fischer, Roland Kaiser und Udo Lindenberg\"\/><a href=\"https:\/\/www.wa.de\/stars-tv\/tatort-gastauftritt-helene-fischer-roland-kaiser-ard-krimi-zr-92862433.html\" class=\"id-StoryElement-intestitialLink-link\" data-id-ec=\"{\" shn=\"\" ansehen=\"\" data-k5a-pos=\"west_story_11_photoGalleryLink\" title=\"Zur Fotostrecke: Von Roland Kaiser bis Helene Fischer: Diese Promis spielten bereits im &#x201E;Tatort&#x201C; mit\" rel=\"nofollow noopener\" target=\"_blank\">Fotostrecke ansehen<\/a><\/p>\n<p class=\"id-StoryElement-paragraph\">Noch einmal 18 Jahre alt sein? F\u00fcr sie keine Option. \u201eIch bin total froh, dass ich so fr\u00fch Mutter geworden bin und jetzt Kinder habe, die erwachsen werden, w\u00e4hrend ich selbst noch so jung bin\u201d, betont die S\u00e4ngerin. Besonders die gemeinsame Zeit mit ihren Kindern wei\u00df sie heute sehr zu sch\u00e4tzen.\u00a0<\/p>\n<p>Sarah Connor: \u201eIch war ein paar Monate sehr traurig und verloren\u201d\u00a0<\/p>\n<p class=\"id-StoryElement-paragraph\">Obwohl Sarah Connor dankbar ist, dass ihre Kinder mittlerweile erwachsen werden, fallen ihr neue Lebensabschnitte nicht leicht. \u201eDer Schmerz \u00fcber den Auszug meiner beiden gro\u00dfen Kinder im selben Jahr hat mich mit gro\u00dfer Wucht getroffen. [&#8230;] Ich war ein paar Monate sehr traurig und verloren\u201d, gestand sie zuvor im Interview mit \u201eGala\u201c. Eine enge Freundin habe sie jedoch getr\u00f6stet und ihr versichert: Die Kinder w\u00fcrden immer wieder zu ihr zur\u00fcckkehren.\u00a0<\/p>\n<p class=\"id-StoryElement-paragraph\">Insgesamt hat die S\u00e4ngerin vier Kinder. Sohn Tyler und Tochter Summer stammen aus ihrer Ehe mit Musiker Marc Terenzi (46). Nach der Trennung 2008 wurde die Ehe zwei Jahre sp\u00e4ter geschieden. Im selben Jahr machte Sarah Connor ihre Beziehung zu ihrem heutigen Ehemann und Manager Florian Fischer (50) \u00f6ffentlich, mit dem sie seit 2013 verheiratet ist. Gemeinsam haben sie zwei weitere Kinder: Tochter Delphine und Sohn Jax. \u00dcbrigens: Den Auszug ihrer Kinder <a href=\"https:\/\/www.wa.de\/stars-tv\/sarah-connor-gibt-zu-der-auszug-ihrer-kinder-traf-sie-hart-was-mache-ich-jetzt-zr-93759278.html\" class=\"id-import-Link\" data-id-ec=\"{&quot;sht&quot;:&quot;Container&quot;,&quot;shn&quot;:&quot;Story&quot;,&quot;p&quot;:{&quot;containerType&quot;:&quot;Paragraph&quot;,&quot;displayType&quot;:&quot;Paragraph InlineLink&quot;,&quot;type&quot;:&quot;INLINE_LINK&quot;,&quot;value&quot;:&quot;erlebte Sarah Connor sehr emotional&quot;,&quot;variant&quot;:&quot;standardLink&quot;,&quot;sponsored&quot;:false,&quot;linkHref&quot;:&quot;https:\/\/www.wa.de\/stars-tv\/sarah-connor-gibt-zu-der-auszug-ihrer-kinder-traf-sie-hart-was-mache-ich-jetzt-zr-93759278.html&quot;,&quot;storyElementPosition&quot;:19,&quot;storyElementCount&quot;:19}}\" rel=\"nofollow noopener\" target=\"_blank\">erlebte Sarah Connor sehr emotional<\/a>. <strong>Verwendete Quellen: <\/strong>bunte.de, gala.de\u00a0<\/p>\n","protected":false},"excerpt":{"rendered":"wa.de Stars &amp; TV Stand: 30.05.2025, 19:01 Uhr DruckenTeilen Mit Anfang 20 wurde Popstar Sarah Connor zum ersten&hellip;\n","protected":false},"author":2,"featured_media":144991,"comment_status":"","ping_status":"","sticky":false,"template":"","format":"standard","meta":{"footnotes":""},"categories":[1772],"tags":[29,214,30,1779,810,215],"class_list":{"0":"post-152378","1":"post","2":"type-post","3":"status-publish","4":"format-standard","5":"has-post-thumbnail","7":"category-musik","8":"tag-deutschland","9":"tag-entertainment","10":"tag-germany","11":"tag-music","12":"tag-musik","13":"tag-unterhaltung"},"share_on_mastodon":{"url":"https:\/\/pubeurope.com\/@de\/114598655225899943","error":""},"_links":{"self":[{"href":"https:\/\/www.europesays.com\/de\/wp-json\/wp\/v2\/posts\/152378","targetHints":{"allow":["GET"]}}],"collection":[{"href":"https:\/\/www.europesays.com\/de\/wp-json\/wp\/v2\/posts"}],"about":[{"href":"https:\/\/www.europesays.com\/de\/wp-json\/wp\/v2\/types\/post"}],"author":[{"embeddable":true,"href":"https:\/\/www.europesays.com\/de\/wp-json\/wp\/v2\/users\/2"}],"replies":[{"embeddable":true,"href":"https:\/\/www.europesays.com\/de\/wp-json\/wp\/v2\/comments?post=152378"}],"version-history":[{"count":0,"href":"https:\/\/www.europesays.com\/de\/wp-json\/wp\/v2\/posts\/152378\/revisions"}],"wp:featuredmedia":[{"embeddable":true,"href":"https:\/\/www.europesays.com\/de\/wp-json\/wp\/v2\/media\/144991"}],"wp:attachment":[{"href":"https:\/\/www.europesays.com\/de\/wp-json\/wp\/v2\/media?parent=152378"}],"wp:term":[{"taxonomy":"category","embeddable":true,"href":"https:\/\/www.europesays.com\/de\/wp-json\/wp\/v2\/categories?post=152378"},{"taxonomy":"post_tag","embeddable":true,"href":"https:\/\/www.europesays.com\/de\/wp-json\/wp\/v2\/tags?post=152378"}],"curies":[{"name":"wp","href":"https:\/\/api.w.org\/{rel}","templated":true}]}}