{"id":152384,"date":"2025-05-30T20:27:11","date_gmt":"2025-05-30T20:27:11","guid":{"rendered":"https:\/\/www.europesays.com\/de\/152384\/"},"modified":"2025-05-30T20:27:11","modified_gmt":"2025-05-30T20:27:11","slug":"schlag-den-star-diese-promi-schwestern-zocken-um-den-sieg-unterhaltung","status":"publish","type":"post","link":"https:\/\/www.europesays.com\/de\/152384\/","title":{"rendered":"\u201eSchlag den Star\u201c: Diese Promi-Schwestern zocken um den Sieg | Unterhaltung"},"content":{"rendered":"<p><b>Doppelt gezockt h\u00e4lt besser! Unter diesem Motto steht die n\u00e4chste Ausgabe des Quizshow-Klassikers \u201eSchlag den Star\u201c am Samstag, 7. Juni. BILD wei\u00df: Statt des klassischen Duells treten in der kommenden Ausgabe die Prominenten als P\u00e4rchen gegeneinander an.<\/b><\/p>\n<p>Das erste Spieler-Doppel? Fast zu sch\u00f6n, um wahr zu sein! Nach BILD-Informationen werden Luna und Lilli Schweiger zum ersten Mal als Schwestern-Duo bei \u201eSchlag den Star\u201c gegen ein anderes Team antreten. Ob es sich dabei auch um ein Geschwister-P\u00e4rchen handelt? Bislang unklar.<\/p>\n<p><img decoding=\"async\" width=\"992\" height=\"1322\" alt=\"Luna (28, l.) und Lilli Schweiger (26) treten am 7. Juni bei \u201eSchlag den Star\u201c als Schwestern-Duo an\" src=\"https:\/\/www.europesays.com\/de\/wp-content\/uploads\/2025\/05\/9986ca9d3b1bbc945b52076487ddbb9b,31832edf\"   class=\"dynamic\" loading=\"lazy\"\/><\/p>\n<p class=\"fig__caption__text\">Luna (28, l.) und Lilli Schweiger (26) treten am 7. Juni bei \u201eSchlag den Star\u201c als Schwestern-Duo an<\/p>\n<p>Foto: Privat<\/p>\n<p>2019 trat Luna schon mal bei \u201eSchlag den Star\u201c an<\/p>\n<p><b>Bereits 2019 trat Schauspielerin <\/b><a href=\"https:\/\/www.bild.de\/unterhaltung\/stars-und-leute\/promi-bachelorette-was-hinter-der-neuen-rtl-idee-steckt-67a62f94906c2317d175ba15\" class=\"text-link\" target=\"_blank\" rel=\"noopener\"><b>Luna Schweiger<\/b><\/a><b> gegen Schlagers\u00e4ngerin <\/b><a href=\"https:\/\/www.bild.de\/unterhaltung\/stars-und-leute\/vanessa-mai-sia-feiert-die-deutsche-saengerin-67532b43b574644899cc51de\" class=\"text-link\" target=\"_blank\" rel=\"noopener\"><b>Vanessa Mai<\/b><\/a><b> (33) zum gro\u00dfen Duell an. Luna hatte damals als moralische Unterst\u00fctzung Papa <\/b><a href=\"https:\/\/www.bild.de\/themen\/personen\/til-schweiger\/kino-nachrichten-news-fotos-videos-15816734.bild.html\" class=\"text-link\" target=\"_blank\" rel=\"noopener\"><b>Til Schweiger<\/b><\/a><b> (61) mitgebracht. Der fieberte zwar ordentlich mit seiner Tochter mit \u2013 doch vergebens. Am Ende triumphierte Vanessa Mai und konnte die Siegerpr\u00e4mie von 100.000 Euro mit nach Hause nehmen.<\/b><\/p>\n<p>Die entt\u00e4uschte Luna wurde noch im Saal von ihrem Papa Til in den Arm genommen.<\/p>\n<p>Lesen Sie auch<\/p>\n<p><b>Unterkriegen lie\u00df sich die heute 28-J\u00e4hrige von der Niederlage jedoch nicht: <\/b><a href=\"https:\/\/www.bild.de\/unterhaltung\/stars-und-leute\/luna-schweiger-beim-turmspringen-darum-springe-ich-rueckwaerts-66ed508681d4834f0eba1c02\" class=\"text-link\" target=\"_blank\" rel=\"noopener\"><b>2024 wagte Luna beim \u201eTV total Turmspringen\u201c den gro\u00dfen Sprung<\/b><\/a><b>. Ihr cooler \u2013 und ziemlich mutiger \u2013 Trick damals: Sie sprang r\u00fcckw\u00e4rts vom Turm. Damit sie nicht sieht, wo sie hinspringt. <\/b><\/p>\n<p>Luna zu BILD: \u201eJa, ich habe Flug- und H\u00f6henangst und komme sogar im Klettergarten nicht zurecht. Es war eine riesige Herausforderung, \u00fcberhaupt vom 3-Meter-Brett zu springen. Deswegen mache ich alle meine Spr\u00fcnge r\u00fcckw\u00e4rts, damit ich mir das Elend nicht anschauen muss.\u201c<\/p>\n<p><img decoding=\"async\" width=\"992\" height=\"693\" alt=\"Luna mit Papa Til Schweiger (61) bei einem Filmdreh\" src=\"https:\/\/www.europesays.com\/de\/wp-content\/uploads\/2025\/05\/4020991c3b6bcf8373abb3a989296574,e88b83a\"   class=\"dynamic\" loading=\"lazy\"\/><\/p>\n<p class=\"fig__caption__text\">Luna mit Papa Til Schweiger (61) bei einem Filmdreh<\/p>\n<p>Foto: picture alliance\/dpa<\/p>\n<p><b>Ganz viel Mut, keine Angst vor Herausforderungen und ein klitzekleines Augenzwinkern \u2013 die perfekten Voraussetzungen f\u00fcr die Teilnahme bei \u201eSchlag den Star\u201c, das seit \u00fcber 16 Jahren das deutsche Fernsehpublikum begeistert. Und diesmal noch mit Schwestern-Power.<\/b><\/p>\n<p>Das ist das Konzept von \u201eSchlag den Star\u201c<\/p>\n<p><a href=\"https:\/\/www.bild.de\/unterhaltung\/tv\/schlag-den-star\/schlag-den-star-open-alle-infos-76680432.bild.html\" class=\"text-link\" target=\"_blank\" rel=\"noopener\">\u201eSchlag den Star\u201c<\/a> basiert auf dem Konzept von \u201eSchlag den Raab\u201c und ist das Promi-Pendant zur mittlerweile eingestellten Spiel- und Quizshow. Dabei treten zwei Promis, in diesem Fall zwei Promi-Paare, \u00fcber maximal 15 Runden gegeneinander an und k\u00e4mpfen in verschiedenen Spielen um den Sieg. Dabei m\u00fcssen sie ihre Geschicklichkeit, ihren klugen Kopf und ihre physische Fitness unter Beweis stellen.<\/p>\n","protected":false},"excerpt":{"rendered":"Doppelt gezockt h\u00e4lt besser! Unter diesem Motto steht die n\u00e4chste Ausgabe des Quizshow-Klassikers \u201eSchlag den Star\u201c am Samstag,&hellip;\n","protected":false},"author":2,"featured_media":152385,"comment_status":"","ping_status":"","sticky":false,"template":"","format":"standard","meta":{"footnotes":""},"categories":[155],"tags":[29,214,30,54036,1307,54035,14270,14269,45,215],"class_list":{"0":"post-152384","1":"post","2":"type-post","3":"status-publish","4":"format-standard","5":"has-post-thumbnail","7":"category-unterhaltung","8":"tag-deutschland","9":"tag-entertainment","10":"tag-germany","11":"tag-mai-vanessa","12":"tag-prosieben","13":"tag-schlag-den-star","14":"tag-schweiger-luna","15":"tag-schweiger-til","16":"tag-texttospeech","17":"tag-unterhaltung"},"share_on_mastodon":{"url":"","error":""},"_links":{"self":[{"href":"https:\/\/www.europesays.com\/de\/wp-json\/wp\/v2\/posts\/152384","targetHints":{"allow":["GET"]}}],"collection":[{"href":"https:\/\/www.europesays.com\/de\/wp-json\/wp\/v2\/posts"}],"about":[{"href":"https:\/\/www.europesays.com\/de\/wp-json\/wp\/v2\/types\/post"}],"author":[{"embeddable":true,"href":"https:\/\/www.europesays.com\/de\/wp-json\/wp\/v2\/users\/2"}],"replies":[{"embeddable":true,"href":"https:\/\/www.europesays.com\/de\/wp-json\/wp\/v2\/comments?post=152384"}],"version-history":[{"count":0,"href":"https:\/\/www.europesays.com\/de\/wp-json\/wp\/v2\/posts\/152384\/revisions"}],"wp:featuredmedia":[{"embeddable":true,"href":"https:\/\/www.europesays.com\/de\/wp-json\/wp\/v2\/media\/152385"}],"wp:attachment":[{"href":"https:\/\/www.europesays.com\/de\/wp-json\/wp\/v2\/media?parent=152384"}],"wp:term":[{"taxonomy":"category","embeddable":true,"href":"https:\/\/www.europesays.com\/de\/wp-json\/wp\/v2\/categories?post=152384"},{"taxonomy":"post_tag","embeddable":true,"href":"https:\/\/www.europesays.com\/de\/wp-json\/wp\/v2\/tags?post=152384"}],"curies":[{"name":"wp","href":"https:\/\/api.w.org\/{rel}","templated":true}]}}