{"id":152395,"date":"2025-05-30T20:33:22","date_gmt":"2025-05-30T20:33:22","guid":{"rendered":"https:\/\/www.europesays.com\/de\/152395\/"},"modified":"2025-05-30T20:33:22","modified_gmt":"2025-05-30T20:33:22","slug":"meyer-burger-stoppt-produktion-in-den-usa-sorgen-in-sachsen-und-sachsen-anhalt","status":"publish","type":"post","link":"https:\/\/www.europesays.com\/de\/152395\/","title":{"rendered":"Meyer Burger stoppt Produktion in den USA: Sorgen in Sachsen und Sachsen-Anhalt"},"content":{"rendered":"<p>Stellenstreichung wom\u00f6glich auch in Deutschland<\/p>\n<p class=\"text\">\nIm Herbst hatte Meyer Burger bereits einen Abbau von rund 20 Prozent seiner damals gut 1.000 Stellen angek\u00fcndigt, wom\u00f6glich auch in Deutschland. Zu dem Zeitpunkt ging es aber noch davon aus, dass der Standort USA aufgebaut wird. Im Dezember teilte das Unternehmen mit, Gl\u00e4ubiger h\u00e4tten eine \u00dcberbr\u00fcckungsfinanzierung <a href=\"https:\/\/www.mdr.de\/nachrichten\/deutschland\/wirtschaft\/meyer-burger-mehr-geld-glauebiger-100.html\" title=\"Nach K\u00fcndigung eines Gro\u00dfkunden: Solarfirma Meyer Burger erh\u00e4lt Finanzspritze\" rel=\"nofollow noopener\" target=\"_blank\">von fast 40 Millionen Dollar zugesichert.<\/a>\n<\/p>\n<p class=\"text\">\nMeyer Burger hat Standorte in Hohenstein-Ernstthal in Sachsen sowie in Thalheim bei Bitterfeld-Wolfen in Sachsen-Anhalt. In Hohenstein-Ernstthal ist ein Forschungs- und Maschinenbau-Standort f\u00fcr die Solar-Produktion. Die rund 300 Mitarbeiter sind seit vergangenem Jahr in Kurzarbeit. In Bitterfeld-Wolfen werden Solarzellen produziert. Auch dort gibt es seit Mai <a href=\"https:\/\/www.mdr.de\/nachrichten\/sachsen-anhalt\/dessau\/bitterfeld\/thalheim-meyer-burger-kurzarbeit-solar-100.html\" title=\"Thalheim: Kurzarbeit bei Solarhersteller Meyer Burger\" rel=\"nofollow noopener\" target=\"_blank\">f\u00fcr etwa 300 Besch\u00e4ftigte Kurzarbeit<\/a>. Im Fr\u00fchjahr 2024 hatte Meyer Burger zudem ein <a href=\"https:\/\/www.mdr.de\/nachrichten\/sachsen\/chemnitz\/freiberg\/meyer-burger-ende-entlassung-kuendigung-100.html\" title=\"Meyer Burger k\u00fcndigt Mitarbeitern: Endg\u00fcltiges Aus f\u00fcr Solarhersteller in Freiberg\" rel=\"nofollow noopener\" target=\"_blank\">Werk im s\u00e4chsischen Freiberg geschlossen<\/a>.\n<\/p>\n<p>Sorge in Bitterfeld-Wolfen<\/p>\n<p class=\"text\">\nBitterfeld-Wolfens Oberb\u00fcrgermeister Armin Schenk (CDU) sagte MDR SACHSEN-ANHALT am Freitag, die aktuellen Entwicklungen seien &#8222;keine gute Nachricht&#8220;. Meyer Burger versuche nach seiner Kenntnis, eine finanzielle L\u00f6sung f\u00fcr das Werk in Thalheim zu finden.\n<\/p>\n<p class=\"text\">\nEr hoffe darauf, dass das Unternehmen die Produktion von Solarzellen wieder aufnimmt, sobald diese L\u00f6sung da sei.<\/p>\n","protected":false},"excerpt":{"rendered":"Stellenstreichung wom\u00f6glich auch in Deutschland Im Herbst hatte Meyer Burger bereits einen Abbau von rund 20 Prozent seiner&hellip;\n","protected":false},"author":2,"featured_media":152396,"comment_status":"","ping_status":"","sticky":false,"template":"","format":"standard","meta":{"footnotes":""},"categories":[1860],"tags":[3364,29,1149,1520,548,663,3934,30,4062,17332,13,81,54037,14,15,17331,859,860,12,20093,54038,19726,861,103],"class_list":{"0":"post-152395","1":"post","2":"type-post","3":"status-publish","4":"format-standard","5":"has-post-thumbnail","7":"category-halle-saale","8":"tag-de","9":"tag-deutschland","10":"tag-energie","11":"tag-energiewende","12":"tag-eu","13":"tag-europa","14":"tag-europe","15":"tag-germany","16":"tag-halle","17":"tag-halle-saale","18":"tag-headlines","19":"tag-mdr","20":"tag-meyer-burger","21":"tag-nachrichten","22":"tag-news","23":"tag-saale","24":"tag-sachsen","25":"tag-sachsen-anhalt","26":"tag-schlagzeilen","27":"tag-solar","28":"tag-solarhersteller","29":"tag-stellenabbau","30":"tag-thueringen","31":"tag-welt"},"share_on_mastodon":{"url":"https:\/\/pubeurope.com\/@de\/114598694305176510","error":""},"_links":{"self":[{"href":"https:\/\/www.europesays.com\/de\/wp-json\/wp\/v2\/posts\/152395","targetHints":{"allow":["GET"]}}],"collection":[{"href":"https:\/\/www.europesays.com\/de\/wp-json\/wp\/v2\/posts"}],"about":[{"href":"https:\/\/www.europesays.com\/de\/wp-json\/wp\/v2\/types\/post"}],"author":[{"embeddable":true,"href":"https:\/\/www.europesays.com\/de\/wp-json\/wp\/v2\/users\/2"}],"replies":[{"embeddable":true,"href":"https:\/\/www.europesays.com\/de\/wp-json\/wp\/v2\/comments?post=152395"}],"version-history":[{"count":0,"href":"https:\/\/www.europesays.com\/de\/wp-json\/wp\/v2\/posts\/152395\/revisions"}],"wp:featuredmedia":[{"embeddable":true,"href":"https:\/\/www.europesays.com\/de\/wp-json\/wp\/v2\/media\/152396"}],"wp:attachment":[{"href":"https:\/\/www.europesays.com\/de\/wp-json\/wp\/v2\/media?parent=152395"}],"wp:term":[{"taxonomy":"category","embeddable":true,"href":"https:\/\/www.europesays.com\/de\/wp-json\/wp\/v2\/categories?post=152395"},{"taxonomy":"post_tag","embeddable":true,"href":"https:\/\/www.europesays.com\/de\/wp-json\/wp\/v2\/tags?post=152395"}],"curies":[{"name":"wp","href":"https:\/\/api.w.org\/{rel}","templated":true}]}}