{"id":152401,"date":"2025-05-30T20:36:18","date_gmt":"2025-05-30T20:36:18","guid":{"rendered":"https:\/\/www.europesays.com\/de\/152401\/"},"modified":"2025-05-30T20:36:18","modified_gmt":"2025-05-30T20:36:18","slug":"band-aus-dem-erzgebirge-feiert-ihr-comeback","status":"publish","type":"post","link":"https:\/\/www.europesays.com\/de\/152401\/","title":{"rendered":"Band aus dem Erzgebirge feiert ihr Comeback"},"content":{"rendered":"<p class=\"bold\">\n\t\t\t\t\t\t\t\t\t\tDie Mitglieder von Kraftklub sind nicht die einzigen Musiker, die im Rahmen des Chemnitzer Kulturprogramms zuletzt f\u00fcr Furore sorgten. Auch in Zschopau weckte ein Garagenkonzert gro\u00dfes Interesse.\t\t\t\t<\/p>\n<p>\t\t\t\t Zum Weitermachen wird Arne Sigmund dieser Tage \u00f6fter ermutigt. Die Bitten haben nichts mit Kommunalpolitik zu tun, sondern spielen auf die musikalische Leidenschaft des Zschopauer Oberb\u00fcrgermeisters an. Schon in seiner Jugend hatte er als Tontechniker die Sero Western Band mitgegr\u00fcndet, die 37 Jahre sp\u00e4ter nun ein beeindruckendes Comeback&#8230;<\/p>\n<p>\t\t<img decoding=\"async\" class=\"fp-plus-logo\" src=\"https:\/\/www.europesays.com\/de\/wp-content\/uploads\/2025\/04\/fpplus.svg.svg+xml\" alt=\"Freie Presse plus Logo\"\/><\/p>\n<p>Registrieren und testen.<\/p>\n<p>Jetzt mit Ihrer Registrierung 1 Monat gratis testen und alle Beitr\u00e4ge lesen.<\/p>\n<p>Schon Abonnent? Melden Sie sich mit ihren Zugangsdaten an.<\/p>\n","protected":false},"excerpt":{"rendered":"Die Mitglieder von Kraftklub sind nicht die einzigen Musiker, die im Rahmen des Chemnitzer Kulturprogramms zuletzt f\u00fcr Furore&hellip;\n","protected":false},"author":2,"featured_media":152402,"comment_status":"","ping_status":"","sticky":false,"template":"","format":"standard","meta":{"footnotes":""},"categories":[1851],"tags":[2770,3364,29,548,663,3934,30,13,14,15,859,12,3866],"class_list":{"0":"post-152401","1":"post","2":"type-post","3":"status-publish","4":"format-standard","5":"has-post-thumbnail","7":"category-chemnitz","8":"tag-chemnitz","9":"tag-de","10":"tag-deutschland","11":"tag-eu","12":"tag-europa","13":"tag-europe","14":"tag-germany","15":"tag-headlines","16":"tag-nachrichten","17":"tag-news","18":"tag-sachsen","19":"tag-schlagzeilen","20":"tag-veranstaltungen"},"share_on_mastodon":{"url":"https:\/\/pubeurope.com\/@de\/114598706138973648","error":""},"_links":{"self":[{"href":"https:\/\/www.europesays.com\/de\/wp-json\/wp\/v2\/posts\/152401","targetHints":{"allow":["GET"]}}],"collection":[{"href":"https:\/\/www.europesays.com\/de\/wp-json\/wp\/v2\/posts"}],"about":[{"href":"https:\/\/www.europesays.com\/de\/wp-json\/wp\/v2\/types\/post"}],"author":[{"embeddable":true,"href":"https:\/\/www.europesays.com\/de\/wp-json\/wp\/v2\/users\/2"}],"replies":[{"embeddable":true,"href":"https:\/\/www.europesays.com\/de\/wp-json\/wp\/v2\/comments?post=152401"}],"version-history":[{"count":0,"href":"https:\/\/www.europesays.com\/de\/wp-json\/wp\/v2\/posts\/152401\/revisions"}],"wp:featuredmedia":[{"embeddable":true,"href":"https:\/\/www.europesays.com\/de\/wp-json\/wp\/v2\/media\/152402"}],"wp:attachment":[{"href":"https:\/\/www.europesays.com\/de\/wp-json\/wp\/v2\/media?parent=152401"}],"wp:term":[{"taxonomy":"category","embeddable":true,"href":"https:\/\/www.europesays.com\/de\/wp-json\/wp\/v2\/categories?post=152401"},{"taxonomy":"post_tag","embeddable":true,"href":"https:\/\/www.europesays.com\/de\/wp-json\/wp\/v2\/tags?post=152401"}],"curies":[{"name":"wp","href":"https:\/\/api.w.org\/{rel}","templated":true}]}}