{"id":152405,"date":"2025-05-30T20:38:09","date_gmt":"2025-05-30T20:38:09","guid":{"rendered":"https:\/\/www.europesays.com\/de\/152405\/"},"modified":"2025-05-30T20:38:09","modified_gmt":"2025-05-30T20:38:09","slug":"fwg-schickt-mirko-duessel-als-buergermeisterkandidat-ins-rennen","status":"publish","type":"post","link":"https:\/\/www.europesays.com\/de\/152405\/","title":{"rendered":"FWG schickt Mirko D\u00fcssel als B\u00fcrgermeisterkandidat ins Rennen"},"content":{"rendered":"<p class=\"text_ohne_einzug richtext text-em-55 !leading-serif mx-6 desktop:mx-0\">So viele B\u00fcrgermeisterkandidaten f\u00fcr eine <a href=\"https:\/\/rp-online.de\/thema\/kommunalwahl\/\" target=\"_blank\" rel=\"noopener\">Kommunalwahl<\/a> hat es in <a href=\"https:\/\/rp-online.de\/thema\/kaarst\/\" target=\"_blank\" rel=\"noopener\">Kaarst<\/a> noch nie gegeben. 2020 traten vier Kandidaten an, diesmal ist es einer mehr. Denn die FWG stellt einen eigenen Kandidaten f\u00fcr den Chefsessel im Rathaus auf. Nach Amtsinhaberin Ursula Baum (FDP), Christian Horn-Heinemann (CDU), Lothar Fink (SPD) und Bodo Korzeniewsky (Wir f\u00fcr 41564) ist Mirko D\u00fcssel der f\u00fcnfte Kandidat f\u00fcr die Kommunalwahl am 14. September.<\/p>\n<p class=\"richtext text-em-55 !leading-serif mx-6 desktop:mx-0\">D\u00fcssel, 58 Jahre alt, Unternehmensberater mit Lehrauftrag an der <a href=\"https:\/\/rp-online.de\/thema\/ruhr-universitaet-bochum\/\" target=\"_blank\" rel=\"noopener\">Ruhr-Universit\u00e4t Bochum<\/a>, ist im Sauerland geboren, zog zum Studium nach D\u00fcsseldorf und vor 25 Jahren nach Kaarst. Erst im vergangenen Jahr trat er in die FWG ein \u2013 allerdings \u201enicht mit dem Ziel, dieses Jahr als B\u00fcrgermeisterkandidat anzutreten\u201c, versichert er. Die Kandidatur sei Josef Karis geschuldet, der Fraktionsvorsitzende der FWG habe D\u00fcssel \u00fcberzeugt, sich zur Wahl zu stellen.<\/p>\n<p class=\"richtext text-em-55 !leading-serif mx-6 desktop:mx-0\">Doch das ist nicht der einzige Grund, warum D\u00fcssel B\u00fcrgermeister werden will. \u201eKaarst hat eine Top-Lage, ich habe es in den vergangenen 25 Jahren genossen, hier zu leben. Jetzt ist es Zeit, etwas zur\u00fcckzuzahlen. Wenn wir etwas ver\u00e4ndern wollen, m\u00fcssen wir auch bereit sein, Verantwortung zu \u00fcbernehmen\u201c, sagt er. Vorbereitet hat sich D\u00fcssel bereits: Er ackerte die Haushalte der vergangenen Jahre durch und war bei einigen Ausschusssitzungen zu Besuch. \u201eIch m\u00f6chte aktiv mitwirken, die FWG will die Ratsarbeit neu gestalten\u201c, sagt er. Hei\u00dft im Klartext: Weniger kritisieren, sondern mitarbeiten, um die Stadt erfolgreicher zu machen. \u201eKaarst k\u00f6nnte aus meiner Sicht viel mehr, das m\u00f6chte ich konstruktiv begleiten\u201c, so D\u00fcssel. Die n\u00f6tige Moderationsf\u00e4higkeit als B\u00fcrgermeister, um die Interessen Einzelner zusammenzubringen und eine L\u00f6sung zu finden, bringe er mit.<\/p>\n<p class=\"richtext text-em-55 !leading-serif mx-6 desktop:mx-0\">In seiner beruflichen Karriere k\u00fcmmerte sich D\u00fcssel unter anderem um die Finanzen von gro\u00dfen Firmen. \u201eBudget ist mein Tagesgesch\u00e4ft\u201c, sagt er. In den vergangenen Jahren habe sich die Arbeitswelt ver\u00e4ndert, Projekte werden agiler gef\u00fchrt und fertiggestellt. \u201eDas m\u00fcssen wir in die Kommune einbringen\u201c, sagt D\u00fcssel und nennt als Beispiel die Digitalisierung: \u201eWas wir in Kaarst machen, ist Digitalisierung f\u00fcr Arme und nicht zu Ende gedacht.\u201c Bei der Frage nach den Finanzen hat er auch eine klare Vorstellung. \u201eEs geht nur \u00fcber mehr Einnahmen\u201c, sagt er. Kaarst sei ein guter Standort, allerdings gehe die Stadt \u201esehr unprofessionell mit dem Thema Gewerbeansiedlungen um\u201c. Wenn ernsthafte Interessenten da sind, brauche man Mut, eine Entscheidung zu treffen. \u201eWir sollten aus der Vergangenheit gelernt haben, das sehe ich aber nicht, eine klare Strategie habe ich auch noch nicht gefunden\u201c, sagt er. Es liege allerdings nicht immer nur an den Finanzen, dass es bei der Entwicklung der Stadt nur schleppend weitergeht.<\/p>\n<p class=\"richtext text-em-55 !leading-serif mx-6 desktop:mx-0\">Sollte D\u00fcssel nicht zum B\u00fcrgermeister gew\u00e4hlt werden, hofft er darauf, zumindest ein Mandat im Stadtrat zu bekommen. Hinter Karis und Gerhard Schmitz steht er auf Platz drei der Reserveliste, die mit 22 Kandidaten voll ist. In seinem Wahlkreis (Robert-Koch-Stra\u00dfe\/Hinterfeld) tritt er gegen Marcel Finger (CDU) an, rechnet sich aber gute Chancen aus, diesen zu gewinnen. Doch D\u00fcssel ist sich auch bewusst, dass der anstehende <a href=\"https:\/\/rp-online.de\/thema\/wahlkampf\/\" target=\"_blank\" rel=\"noopener\">Wahlkampf<\/a> und der Weg ins Rathaus \u201eeine herausfordernde Aufgabe wird\u201c.<\/p>\n","protected":false},"excerpt":{"rendered":"So viele B\u00fcrgermeisterkandidaten f\u00fcr eine Kommunalwahl hat es in Kaarst noch nie gegeben. 2020 traten vier Kandidaten an,&hellip;\n","protected":false},"author":2,"featured_media":152406,"comment_status":"","ping_status":"","sticky":false,"template":"","format":"standard","meta":{"footnotes":""},"categories":[1849],"tags":[39674,3364,29,26379,3405,548,663,3934,54039,30,13,16930,45727,3742,22589,54042,10917,54040,4455,14,15,1209,12,54041],"class_list":{"0":"post-152405","1":"post","2":"type-post","3":"status-publish","4":"format-standard","5":"has-post-thumbnail","7":"category-moenchengladbach","8":"tag-buergermeisterkandidat","9":"tag-de","10":"tag-deutschland","11":"tag-duessel","12":"tag-duesseldorf","13":"tag-eu","14":"tag-europa","15":"tag-europe","16":"tag-fwg","17":"tag-germany","18":"tag-headlines","19":"tag-kaarst","20":"tag-kandidat","21":"tag-kandidaten","22":"tag-kandidatur","23":"tag-karis","24":"tag-kommunalwahl","25":"tag-mirko","26":"tag-moenchengladbach","27":"tag-nachrichten","28":"tag-news","29":"tag-nordrhein-westfalen","30":"tag-schlagzeilen","31":"tag-unternehmensberater"},"share_on_mastodon":{"url":"https:\/\/pubeurope.com\/@de\/114598714099267802","error":""},"_links":{"self":[{"href":"https:\/\/www.europesays.com\/de\/wp-json\/wp\/v2\/posts\/152405","targetHints":{"allow":["GET"]}}],"collection":[{"href":"https:\/\/www.europesays.com\/de\/wp-json\/wp\/v2\/posts"}],"about":[{"href":"https:\/\/www.europesays.com\/de\/wp-json\/wp\/v2\/types\/post"}],"author":[{"embeddable":true,"href":"https:\/\/www.europesays.com\/de\/wp-json\/wp\/v2\/users\/2"}],"replies":[{"embeddable":true,"href":"https:\/\/www.europesays.com\/de\/wp-json\/wp\/v2\/comments?post=152405"}],"version-history":[{"count":0,"href":"https:\/\/www.europesays.com\/de\/wp-json\/wp\/v2\/posts\/152405\/revisions"}],"wp:featuredmedia":[{"embeddable":true,"href":"https:\/\/www.europesays.com\/de\/wp-json\/wp\/v2\/media\/152406"}],"wp:attachment":[{"href":"https:\/\/www.europesays.com\/de\/wp-json\/wp\/v2\/media?parent=152405"}],"wp:term":[{"taxonomy":"category","embeddable":true,"href":"https:\/\/www.europesays.com\/de\/wp-json\/wp\/v2\/categories?post=152405"},{"taxonomy":"post_tag","embeddable":true,"href":"https:\/\/www.europesays.com\/de\/wp-json\/wp\/v2\/tags?post=152405"}],"curies":[{"name":"wp","href":"https:\/\/api.w.org\/{rel}","templated":true}]}}