{"id":152412,"date":"2025-05-30T20:42:12","date_gmt":"2025-05-30T20:42:12","guid":{"rendered":"https:\/\/www.europesays.com\/de\/152412\/"},"modified":"2025-05-30T20:42:12","modified_gmt":"2025-05-30T20:42:12","slug":"raketentechnik-im-keller-die-neuen-wasserzaehler-der-twl-ludwigshafen","status":"publish","type":"post","link":"https:\/\/www.europesays.com\/de\/152412\/","title":{"rendered":"Raketentechnik im Keller: Die neuen Wasserz\u00e4hler der TWL &#8211; Ludwigshafen"},"content":{"rendered":"<p><b>Die Technischen Werke Ludwigshafen tauschen bisherige Wasserz\u00e4hler gegen digitale Ger\u00e4te aus. Nicht jeder ist dar\u00fcber erfreut. Was hat es mit den Hightech-Ger\u00e4ten auf sich?<\/b><\/p>\n<p class=\"\">Bitte loggen Sie sich ein um den Artikel im Klartext zu sehen.<\/p>\n<p class=\"\">&amp;Dbuqi;eod iest ewigen Zeinte ernnevdteew &amp;eueWlmhs,sl;arrza u;u&amp;lfmr alel nnceeMhs ebr&amp;hub;umaarulsc und licd&amp;nemhual,;rvst ndurew nun ggene lgteU&amp;meunmu; cg,saaushettu ide man r&amp;uulfm; oeuguesStgrrnaen in red hhutametcnaRrikf lentah lko,n&amp;l&amp;o;de;qmtnuu stga rreHtbe eegKri<\/p>\n","protected":false},"excerpt":{"rendered":"Die Technischen Werke Ludwigshafen tauschen bisherige Wasserz\u00e4hler gegen digitale Ger\u00e4te aus. Nicht jeder ist dar\u00fcber erfreut. Was hat&hellip;\n","protected":false},"author":2,"featured_media":152413,"comment_status":"","ping_status":"","sticky":false,"template":"","format":"standard","meta":{"footnotes":""},"categories":[1845],"tags":[1634,3364,29,548,663,3934,30,13,54044,4060,2096,14,15,54043,12,54045],"class_list":{"0":"post-152412","1":"post","2":"type-post","3":"status-publish","4":"format-standard","5":"has-post-thumbnail","7":"category-mannheim","8":"tag-baden-wuerttemberg","9":"tag-de","10":"tag-deutschland","11":"tag-eu","12":"tag-europa","13":"tag-europe","14":"tag-germany","15":"tag-headlines","16":"tag-herbert-krieger","17":"tag-lokal","18":"tag-mannheim","19":"tag-nachrichten","20":"tag-news","21":"tag-raketentechnik","22":"tag-schlagzeilen","23":"tag-technische-werke-ludwigshafen"},"share_on_mastodon":{"url":"https:\/\/pubeurope.com\/@de\/114598729843955042","error":""},"_links":{"self":[{"href":"https:\/\/www.europesays.com\/de\/wp-json\/wp\/v2\/posts\/152412","targetHints":{"allow":["GET"]}}],"collection":[{"href":"https:\/\/www.europesays.com\/de\/wp-json\/wp\/v2\/posts"}],"about":[{"href":"https:\/\/www.europesays.com\/de\/wp-json\/wp\/v2\/types\/post"}],"author":[{"embeddable":true,"href":"https:\/\/www.europesays.com\/de\/wp-json\/wp\/v2\/users\/2"}],"replies":[{"embeddable":true,"href":"https:\/\/www.europesays.com\/de\/wp-json\/wp\/v2\/comments?post=152412"}],"version-history":[{"count":0,"href":"https:\/\/www.europesays.com\/de\/wp-json\/wp\/v2\/posts\/152412\/revisions"}],"wp:featuredmedia":[{"embeddable":true,"href":"https:\/\/www.europesays.com\/de\/wp-json\/wp\/v2\/media\/152413"}],"wp:attachment":[{"href":"https:\/\/www.europesays.com\/de\/wp-json\/wp\/v2\/media?parent=152412"}],"wp:term":[{"taxonomy":"category","embeddable":true,"href":"https:\/\/www.europesays.com\/de\/wp-json\/wp\/v2\/categories?post=152412"},{"taxonomy":"post_tag","embeddable":true,"href":"https:\/\/www.europesays.com\/de\/wp-json\/wp\/v2\/tags?post=152412"}],"curies":[{"name":"wp","href":"https:\/\/api.w.org\/{rel}","templated":true}]}}