{"id":152418,"date":"2025-05-30T20:45:09","date_gmt":"2025-05-30T20:45:09","guid":{"rendered":"https:\/\/www.europesays.com\/de\/152418\/"},"modified":"2025-05-30T20:45:09","modified_gmt":"2025-05-30T20:45:09","slug":"muenster-lehrer-soll-700-000-euro-aus-kita-kasse-veruntreut-haben-regional","status":"publish","type":"post","link":"https:\/\/www.europesays.com\/de\/152418\/","title":{"rendered":"M\u00fcnster: Lehrer soll 700.000 Euro aus Kita-Kasse veruntreut haben | Regional"},"content":{"rendered":"<p>M\u00fcnster \u2013 <b>Ein P\u00e4dagoge (44), dem Eltern ihr Vertrauen schenkten, soll 700.000 Euro aus der Kasse einer integrativen Kita geklaut haben \u2013 jetzt ist er wegen Untreue angeklagt! <\/b><\/p>\n<p>Der Mann war fr\u00fcher Vorsitzender des Tr\u00e4gervereins der Kita \u201eHeinrich-Piepmeyer-Haus\u201c in M\u00fcnster (<a href=\"https:\/\/www.bild.de\/regional\/nordrhein-westfalen\/home-npIP0qL0giWP1ZFIOHn2\" class=\"text-link\" target=\"_blank\" rel=\"noopener\">Nordrhein-Westfalen<\/a>). Dort werden rund 70 Kinder betreut \u2013 viele mit k\u00f6rperlichen oder geistigen Beeintr\u00e4chtigungen. <\/p>\n<p>Vorsitzender soll 700.000 Euro veruntreut haben<\/p>\n<p>Die <a href=\"https:\/\/www.bild.de\/themen\/organisationen\/staatsanwaltschaft-alle-infos-und-news-KDJzQvfvRkaBLQ0vXYpd\" class=\"text-link\" target=\"_blank\" rel=\"noopener\">Staatsanwaltschaft<\/a> M\u00fcnster geht davon aus: Der Ex-Vereinsvorsitzende hat sich \u00fcber Jahre hinweg dreist an der Vereinskasse bedient. \u00dcber den unglaublichen Fall hatte zuerst der <a href=\"https:\/\/www1.wdr.de\/nachrichten\/westfalen-lippe\/anklage-veruntreuung-kita-muenster-100.html\" target=\"_blank\" rel=\"nofollow noopener\" class=\"text-link--external text-link\">WDR<\/a> berichtet.<\/p>\n<p>Nach bisherigen Ermittlungen soll der 44-J\u00e4hrige rund 670.000 Euro auf ein Privatkonto \u00fcberwiesen haben \u2013 angeblich, um das Geld in Aktien anzulegen. Weitere 30.000 Euro soll er direkt vom Kita-Konto f\u00fcr sich verwendet haben. Doch bei einer Hausdurchsuchung im M\u00e4rz 2024 war das Geld laut Polizei so gut wie weg.<\/p>\n<p>Kita-Geld f\u00fcr eigene Zwecke verprasst?<\/p>\n<p>Der Vereinsvorstand hatte dem Transfer urspr\u00fcnglich zugestimmt, weil der Beschuldigte behauptet hatte, das Geld solle auf ein Tagesgeldkonto des <a href=\"https:\/\/www.bild.de\/themen\/organisationen\/kindergaerten\/politik-nachrichten-news-fotos-videos-19448392.bild.html\" class=\"text-link\" target=\"_blank\" rel=\"noopener\">Kindergartens<\/a>, um bessere Zinsen daf\u00fcr zu erhalten. Nach Aussage von Oberstaatsanwalt Martin Botzenhardt kam dort nie etwas an. Laut WDR soll der P\u00e4dagoge das Geld stattdessen f\u00fcr sich genutzt haben.<\/p>\n<p>Lesen Sie auch<\/p>\n<p>Bei einer au\u00dferordentlichen Mitgliederversammlung im M\u00e4rz erkl\u00e4rte der Schatzmeister, der Ex-Vorsitzende sei mit \u201ehoher krimineller Energie\u201c vorgegangen. Demnach habe er sich Ausweiskopien eines weiteren Vorstandsmitglieds geben lassen, um den Eindruck zu erwecken, auch dieses habe Zugriff auf das neue Konto \u2013 obwohl nur er allein die Kontrolle hatte. So soll er das Vieraugenprinzip gezielt ausgehebelt haben.<\/p>\n<p>Das mutma\u00dfliche Motiv: Der P\u00e4dagoge soll mit Aktien Geld verloren haben und das Kita-Geld genutzt haben, um seine finanziellen L\u00f6cher zu stopfen.<\/p>\n<p>Kein Geld mehr da \u2013 Kita legt Sanierung auf Eis<\/p>\n<p>F\u00fcr die Kita ist der Schaden enorm. Eine dringend geplante Sanierung des Geb\u00e4udes musste gestoppt werden, auch der behindertengerechte Umbau des Spielplatzes ist auf unbestimmte Zeit verschoben.<\/p>\n<p>Der Beschuldigte \u00e4u\u00dfert sich bislang nicht zu den Vorw\u00fcrfen. Sein Anwalt Stefan Goldbeck (41) erkl\u00e4rt gegen\u00fcber BILD: \u201eZu den Vorw\u00fcrfen geben mein Mandant und ich zum jetzigen Zeitpunkt keine Stellungnahme ab, sondern werden im Rahmen der Hauptverhandlung Position beziehen.\u201c<\/p>\n<p>Das Landgericht M\u00fcnster muss die Anklage nun pr\u00fcfen. Wann der Prozess beginnt, ist noch offen \u2013 doch f\u00fcr die Kita ist der Schaden l\u00e4ngst Realit\u00e4t.<\/p>\n","protected":false},"excerpt":{"rendered":"M\u00fcnster \u2013 Ein P\u00e4dagoge (44), dem Eltern ihr Vertrauen schenkten, soll 700.000 Euro aus der Kasse einer integrativen&hellip;\n","protected":false},"author":2,"featured_media":152419,"comment_status":"","ping_status":"","sticky":false,"template":"","format":"standard","meta":{"footnotes":""},"categories":[1843],"tags":[1483,3364,29,666,30,3659,2818,8970,1209,121,1269,12185,1997,45,22493,1031],"class_list":{"0":"post-152418","1":"post","2":"type-post","3":"status-publish","4":"format-standard","5":"has-post-thumbnail","7":"category-muenster","8":"tag-betrug","9":"tag-de","10":"tag-deutschland","11":"tag-geld","12":"tag-germany","13":"tag-integration","14":"tag-kindergarten","15":"tag-muenster","16":"tag-nordrhein-westfalen","17":"tag-polizei","18":"tag-prozess","19":"tag-staatsanwalt","20":"tag-staatsanwaltschaft","21":"tag-texttospeech","22":"tag-untreue","23":"tag-vorstand"},"share_on_mastodon":{"url":"https:\/\/pubeurope.com\/@de\/114598741623473125","error":""},"_links":{"self":[{"href":"https:\/\/www.europesays.com\/de\/wp-json\/wp\/v2\/posts\/152418","targetHints":{"allow":["GET"]}}],"collection":[{"href":"https:\/\/www.europesays.com\/de\/wp-json\/wp\/v2\/posts"}],"about":[{"href":"https:\/\/www.europesays.com\/de\/wp-json\/wp\/v2\/types\/post"}],"author":[{"embeddable":true,"href":"https:\/\/www.europesays.com\/de\/wp-json\/wp\/v2\/users\/2"}],"replies":[{"embeddable":true,"href":"https:\/\/www.europesays.com\/de\/wp-json\/wp\/v2\/comments?post=152418"}],"version-history":[{"count":0,"href":"https:\/\/www.europesays.com\/de\/wp-json\/wp\/v2\/posts\/152418\/revisions"}],"wp:featuredmedia":[{"embeddable":true,"href":"https:\/\/www.europesays.com\/de\/wp-json\/wp\/v2\/media\/152419"}],"wp:attachment":[{"href":"https:\/\/www.europesays.com\/de\/wp-json\/wp\/v2\/media?parent=152418"}],"wp:term":[{"taxonomy":"category","embeddable":true,"href":"https:\/\/www.europesays.com\/de\/wp-json\/wp\/v2\/categories?post=152418"},{"taxonomy":"post_tag","embeddable":true,"href":"https:\/\/www.europesays.com\/de\/wp-json\/wp\/v2\/tags?post=152418"}],"curies":[{"name":"wp","href":"https:\/\/api.w.org\/{rel}","templated":true}]}}