{"id":152420,"date":"2025-05-30T20:46:13","date_gmt":"2025-05-30T20:46:13","guid":{"rendered":"https:\/\/www.europesays.com\/de\/152420\/"},"modified":"2025-05-30T20:46:13","modified_gmt":"2025-05-30T20:46:13","slug":"preussen-keeper-schenk-so-arbeitet-er-an-seinem-em-traum-sport","status":"publish","type":"post","link":"https:\/\/www.europesays.com\/de\/152420\/","title":{"rendered":"Preu\u00dfen-Keeper Schenk: So arbeitet er an seinem EM-Traum | Sport"},"content":{"rendered":"<p>Es f\u00fchlt sich schon gut an mit dem Preu\u00dfen-Adler auf der Brust. Und ganz sicher noch etwas besser, wenn\u2018s sogar der Bundesadler ist\u2026<\/p>\n<p><b>Preu\u00dfen-Keeper Schenk. So arbeitet er an seinem EM-Traum!<\/b><\/p>\n<p>Seit Anfang der Woche befindet sich M\u00fcnsters Torh\u00fcter Johannes \u201eJojo\u201c Schenk (22) im th\u00fcringischen Blankenhain mit Deutschlands U21-Auswahl im Vorbereitungs-Camp auf die Europameisterschaft, die am 11. Juni in der Slowakei (bis 28. Juni) startet.<\/p>\n<p><b>Seine erste Berufung durch Nationalcoach Antonio Di Salvo (45), der damit die starke Saisonleistung  des geb\u00fcrtigen Schweinfurters in seiner Zweitliga-Premieren-Saison (9 Spiele zu null\/insgesamt die viert-wenigsten Gegentore) belohnte.<\/b><\/p>\n<p>Gemeinsam mit seinen Kollegen Noah Atubolu (22) von Erstligist SC Freiburg, Tjark Ernst (22\/Hertha) und Nahuel Noll (22\/F\u00fcrth) k\u00e4mpft Schenk um einen der drei Torh\u00fcter-Pl\u00e4tze im endg\u00fcltigen Aufgebot, das Di Salvo am 4. Juni bekannt geben wird.<\/p>\n<p><img decoding=\"async\" width=\"992\" height=\"558\" alt=\"Torh\u00fcter Johannes \u201eJojo\u201c Schenk spielte f\u00fcr die Preu\u00dfen eine richtig starke Zweitliga-Saison\" src=\"https:\/\/www.europesays.com\/de\/wp-content\/uploads\/2025\/05\/b65b8e193e9ccb64a64416abad3b4356,a0315782\"   class=\"landscape\" loading=\"lazy\"\/><\/p>\n<p class=\"fig__caption__text\">Torh\u00fcter Johannes \u201eJojo\u201c Schenk spielte f\u00fcr die Preu\u00dfen eine richtig starke Zweitliga-Saison<\/p>\n<p>Foto: Jan Fromme\/ firo Sportphoto<\/p>\n<p><b>BILD erreichte den jungen Preu\u00dfen-Schlussmann telefonisch im Trainingslager und fragte nach: Wie gro\u00df ist Ihre Chance, am Ende tats\u00e4chlich dabei zu sein?<\/b><\/p>\n<p><b>Schenk:<\/b> \u201eDas kann ich jetzt noch nicht absch\u00e4tzen. Wir arbeiten hart und auf hohem Niveau. Das l\u00e4uft hier alles sehr professionell ab und macht mir riesigen Bock.\u201c<\/p>\n<p>Auch interessant<\/p>\n<p>Anzeige<\/p>\n<p>Auch interessant<\/p>\n<p>Anzeige<\/p>\n<p><b>BILD: Trotz des Konkurrenzkampfes?<\/b><\/p>\n<p><b>Schenk:<\/b> \u201eJa, der ist hier genauso wie woanders. Jeder gibt sein Bestes, stachelt dadurch nat\u00fcrlich seine Konkurrenten an. Aber wir sind keine Gegner, sondern ein Team. Es macht mich schon ein wenig stolz, dabei sein.\u201c<\/p>\n<p><b>BILD: Mit Top-St\u00fcrmer Nick Woltemade von Pokalsieger VfB Stuttgart, dem Gladbacher Rocco Reitz oder Frankfurts Ansgar Knauff sind auch zahlreiche Bundesliga-Gr\u00f6\u00dfen dabei. Lassen die das irgendwie raush\u00e4ngen?<\/b><\/p>\n<p><b>Schenk:<\/b> \u201eAbsolut nicht. Das ist hier eine richtig coole Truppe. Wir haben alle viel Spa\u00df miteinander. Gerade auch an den Abenden. Da wird meistens gepokert oder Wizzard gespielt. Keiner macht dabei auf dicke Hose.\u201c<\/p>\n<p>V\u00f6llig neuer Modus: Fu\u00dfball-Revolution im Studio diskutiert!<a href=\"https:\/\/www.bild.de\/sport\/fussball\/voellig-neuer-modus-fussball-revolution-im-studio-diskutiert-68342d1b5f7a8d25a5be254a\" class=\"anchor\" target=\"_blank\" rel=\"noopener\"><img decoding=\"async\" width=\"992\" height=\"558\" alt=\"Teaser-Bild\" src=\"https:\/\/www.europesays.com\/de\/wp-content\/uploads\/2025\/05\/e1a61cced14f46b0381152ab19eda2d8-landscape,89701a6\"   class=\"landscape teaser__image\" loading=\"lazy\"\/><\/a><\/p>\n<p>Quelle: BILD26.05.2025<\/p>\n<p><b>BILD: Wie intensiv ist das Training?<\/b><\/p>\n<p><b>Schenk:<\/b> \u201eSchon sehr. Das ist alles noch eine Stufe h\u00f6her und erwachsener als etwa bei der U20, zu deren Lehrgang ich ja mal im November 2023 eingeladen war. Nach den Einheiten sp\u00fcre ich mitunter ganz sch\u00f6n meine Beine. Aber genauso muss es auch sein.\u201c<\/p>\n<p><b>BILD: Nicht neidisch auf Ihre Preu\u00dfen-Kollegen, die parallel gerade den wohlverdienten Urlaub genie\u00dfen?<\/b><\/p>\n<p><b>Schenk:<\/b> \u201eNein, wir hatten ohnehin noch nichts Konkretes geplant. Meine Freundin Antonia durfte die ersten beide Tage \u2013 sowie die Partnerinnen der anderen Jungs auch \u2013 hier in Blankenhain mit dabei sein. Sie fand\u2018s mega spannend und freut sich f\u00fcr mich. Hinterher werden wir bestimmt noch Zeit finden, um gemeinsam etwas Sonne zu tanken.\u201c<\/p>\n<p><b>BILD: Konnten die Frauen im selben Hotel wohnen?<\/b><\/p>\n<p><b>Schenk:<\/b> \u201eJa, jeder von uns hat ein Einzelzimmer, das aber f\u00fcr zwei Personen ausgelegt ist. Da gab\u2018s keine Probleme.\u201c<\/p>\n<p><img decoding=\"async\" width=\"992\" height=\"1178\" alt=\"Johannes Schenk wurde in der Jugend des FC Bayern ausgebildet und war dort sp\u00e4ter die Nummer 3 hinter Manuel Neuer und Sven Ulreich, ehe er 2023 zu den Preu\u00dfen nach M\u00fcnster wechselte\" src=\"https:\/\/www.europesays.com\/de\/wp-content\/uploads\/2025\/05\/8eb0e4d5938e073c7a99556e56d5dd20,d30e42ee\"   class=\"portrait\" loading=\"lazy\"\/><\/p>\n<p class=\"fig__caption__text\">Johannes Schenk (1.\u00a091 m) wurde in der Jugend des FC Bayern ausgebildet und war dort sp\u00e4ter die Nummer 3 hinter Manuel Neuer und Sven Ulreich, ehe er 2023 zu den Preu\u00dfen nach M\u00fcnster wechselte. Sein aktueller Marktwert liegt bei einer Million Euro<\/p>\n<p>Foto: Jan Fromme\/ firo Sportphoto<\/p>\n<p><b>BILD: Wie ist der weitere Verlauf des Trainingslagers?<\/b><\/p>\n<p><b>Schenk:<\/b> \u201eNat\u00fcrlich viel arbeiten auf dem Platz. Am Sonntag folgt dann das erste Testspiel gegen die U19 von RB Leipzig \u2013 glaube ich.. Ehe am 6. Juni die EM-Generalprobe gegen Finnlands U21 steigt. Zwei Tage vorher f\u00e4llt allerdings schon die Entscheidung, wer endg\u00fcltig in der Slowakei mit dabei ist und wer die EM daheim am Fernseher verfolgen muss.\u201c<\/p>\n<p><b>BILD: W\u00e4re das f\u00fcr Sie eine gro\u00dfe Entt\u00e4uschung?<\/b><\/p>\n<p><b>Schenk:<\/b> \u201eJeder will gerne dabei sein \u2013 auch ich. Das ist keine Frage. Aber ich mache mir deshalb keinen Kopf oder setze mich unter Druck. Ich haue lieber im Training alles raus. Wenn\u2018s dann klappt, freue ich mich riesig. Wenn nicht, w\u00e4r\u2018s zwar schade. Aber ich k\u00f6nnte wenigstens sagen, immer mein Bestes gegeben zu haben.\u201c<\/p>\n","protected":false},"excerpt":{"rendered":"Es f\u00fchlt sich schon gut an mit dem Preu\u00dfen-Adler auf der Brust. Und ganz sicher noch etwas besser,&hellip;\n","protected":false},"author":2,"featured_media":152421,"comment_status":"","ping_status":"","sticky":false,"template":"","format":"standard","meta":{"footnotes":""},"categories":[1843],"tags":[7658,7665,7659,7654,3364,29,481,5085,7663,30,7662,7664,7660,7661,8970,7666,7653,1209,7655,7650,7651,7656,819,7657,7652,45,43734,784],"class_list":{"0":"post-152420","1":"post","2":"type-post","3":"status-publish","4":"format-standard","5":"has-post-thumbnail","7":"category-muenster","8":"tag-alsmann-goetz","9":"tag-amenyido-etienne","10":"tag-brinkmann-ansgar","11":"tag-daube-dennis","12":"tag-de","13":"tag-deutschland","14":"tag-dfb","15":"tag-dfl","16":"tag-fridjonsson-holmbert-aron","17":"tag-germany","18":"tag-hendrix-jorrit","19":"tag-kinsombi-david","20":"tag-kirkeskov-mikkel","21":"tag-mees-joshua","22":"tag-muenster","23":"tag-nemeth-andras","24":"tag-niemeyer-peter","25":"tag-nordrhein-westfalen","26":"tag-pander-christian","27":"tag-preussen-muenster","28":"tag-preussenstadion","29":"tag-schuth-joachim","30":"tag-sport-leuchtturm-essen","31":"tag-sport-bild","32":"tag-straesser-christoph","33":"tag-texttospeech","34":"tag-u21-nationalmannschaft-deutschland","35":"tag-zweite-bundesliga"},"share_on_mastodon":{"url":"","error":"Validation failed: Text character limit of 500 exceeded"},"_links":{"self":[{"href":"https:\/\/www.europesays.com\/de\/wp-json\/wp\/v2\/posts\/152420","targetHints":{"allow":["GET"]}}],"collection":[{"href":"https:\/\/www.europesays.com\/de\/wp-json\/wp\/v2\/posts"}],"about":[{"href":"https:\/\/www.europesays.com\/de\/wp-json\/wp\/v2\/types\/post"}],"author":[{"embeddable":true,"href":"https:\/\/www.europesays.com\/de\/wp-json\/wp\/v2\/users\/2"}],"replies":[{"embeddable":true,"href":"https:\/\/www.europesays.com\/de\/wp-json\/wp\/v2\/comments?post=152420"}],"version-history":[{"count":0,"href":"https:\/\/www.europesays.com\/de\/wp-json\/wp\/v2\/posts\/152420\/revisions"}],"wp:featuredmedia":[{"embeddable":true,"href":"https:\/\/www.europesays.com\/de\/wp-json\/wp\/v2\/media\/152421"}],"wp:attachment":[{"href":"https:\/\/www.europesays.com\/de\/wp-json\/wp\/v2\/media?parent=152420"}],"wp:term":[{"taxonomy":"category","embeddable":true,"href":"https:\/\/www.europesays.com\/de\/wp-json\/wp\/v2\/categories?post=152420"},{"taxonomy":"post_tag","embeddable":true,"href":"https:\/\/www.europesays.com\/de\/wp-json\/wp\/v2\/tags?post=152420"}],"curies":[{"name":"wp","href":"https:\/\/api.w.org\/{rel}","templated":true}]}}