{"id":152427,"date":"2025-05-30T20:50:09","date_gmt":"2025-05-30T20:50:09","guid":{"rendered":"https:\/\/www.europesays.com\/de\/152427\/"},"modified":"2025-05-30T20:50:09","modified_gmt":"2025-05-30T20:50:09","slug":"bergische-unternehmen-zeigen-sich-zurueckhaltend-bei-kuenstlicher-intelligenz","status":"publish","type":"post","link":"https:\/\/www.europesays.com\/de\/152427\/","title":{"rendered":"Bergische Unternehmen zeigen sich zur\u00fcckhaltend bei K\u00fcnstlicher Intelligenz"},"content":{"rendered":"<p class=\"text_ohne_einzug richtext text-em-55 !leading-serif mx-6 desktop:mx-0\">Der anhaltende Fachkr\u00e4ftemangel stellt Unternehmen branchen\u00fcbergreifend vor wachsende Herausforderungen. Vor diesem Hintergrund hat das Regionale Konjunkturbromteter neben den Standardfragen zur konjunkturellen Lage aktuell 312 Unternehmen aus Industrie, Baugewerbe, Handel und Dienstleistungssektor befragt, mit welchen Ma\u00dfnahmen die Betriebe auf die Engp\u00e4sse reagieren und inwieweit K\u00fcnstliche Intelligenz (KI) als L\u00f6sungsansatz in Betracht gezogen wird.<\/p>\n","protected":false},"excerpt":{"rendered":"Der anhaltende Fachkr\u00e4ftemangel stellt Unternehmen branchen\u00fcbergreifend vor wachsende Herausforderungen. Vor diesem Hintergrund hat das Regionale Konjunkturbromteter neben den&hellip;\n","protected":false},"author":2,"featured_media":152428,"comment_status":"","ping_status":"","sticky":false,"template":"","format":"standard","meta":{"footnotes":""},"categories":[1840],"tags":[14586,26171,13820,3364,29,54046,588,1707,30,10756,23683,23684,1209,42054,4418],"class_list":{"0":"post-152427","1":"post","2":"type-post","3":"status-publish","4":"format-standard","5":"has-post-thumbnail","7":"category-wuppertal","8":"tag-anteil","9":"tag-baugewerbe","10":"tag-betriebe","11":"tag-de","12":"tag-deutschland","13":"tag-dienstleistungssektor","14":"tag-einsatz","15":"tag-fachkraeftemangel","16":"tag-germany","17":"tag-intelligenz","18":"tag-kuenstliche","19":"tag-kuenstlicher","20":"tag-nordrhein-westfalen","21":"tag-stellenanzeige","22":"tag-wuppertal"},"share_on_mastodon":{"url":"https:\/\/pubeurope.com\/@de\/114598761336151526","error":""},"_links":{"self":[{"href":"https:\/\/www.europesays.com\/de\/wp-json\/wp\/v2\/posts\/152427","targetHints":{"allow":["GET"]}}],"collection":[{"href":"https:\/\/www.europesays.com\/de\/wp-json\/wp\/v2\/posts"}],"about":[{"href":"https:\/\/www.europesays.com\/de\/wp-json\/wp\/v2\/types\/post"}],"author":[{"embeddable":true,"href":"https:\/\/www.europesays.com\/de\/wp-json\/wp\/v2\/users\/2"}],"replies":[{"embeddable":true,"href":"https:\/\/www.europesays.com\/de\/wp-json\/wp\/v2\/comments?post=152427"}],"version-history":[{"count":0,"href":"https:\/\/www.europesays.com\/de\/wp-json\/wp\/v2\/posts\/152427\/revisions"}],"wp:featuredmedia":[{"embeddable":true,"href":"https:\/\/www.europesays.com\/de\/wp-json\/wp\/v2\/media\/152428"}],"wp:attachment":[{"href":"https:\/\/www.europesays.com\/de\/wp-json\/wp\/v2\/media?parent=152427"}],"wp:term":[{"taxonomy":"category","embeddable":true,"href":"https:\/\/www.europesays.com\/de\/wp-json\/wp\/v2\/categories?post=152427"},{"taxonomy":"post_tag","embeddable":true,"href":"https:\/\/www.europesays.com\/de\/wp-json\/wp\/v2\/tags?post=152427"}],"curies":[{"name":"wp","href":"https:\/\/api.w.org\/{rel}","templated":true}]}}