{"id":152431,"date":"2025-05-30T20:52:09","date_gmt":"2025-05-30T20:52:09","guid":{"rendered":"https:\/\/www.europesays.com\/de\/152431\/"},"modified":"2025-05-30T20:52:09","modified_gmt":"2025-05-30T20:52:09","slug":"remberg-zum-hsv-kleine-bekel-nach-bochum","status":"publish","type":"post","link":"https:\/\/www.europesays.com\/de\/152431\/","title":{"rendered":"Remberg zum HSV, Kleine-Bekel nach Bochum"},"content":{"rendered":"<p class=\"\">\n                    Zwei Recken des k\u00fcnftigen Fu\u00dfball-Zweitligisten Holstein Kiel haben neue Vereine gefunden. Colin Kleine-Bekel wurde vom Mitabsteiger VfL Bochum als Neuzugang vorgestellt (Vertrag bis 2028), w\u00e4hrend laut \u00fcbereinstimmenden Medienberichten Nicolai Remberg zum Aufsteiger Hamburger SV wechselt.\n            <\/p>\n<p>            Kreuzbandriss setzte Kleine-Bekel 24\/25 au\u00dfer Gefecht<\/p>\n<p class=\"\">\n                    Kleine-Bekels Transfer zum Schlusslicht der Saison 24\/25 hatte sich bereits angedeutet, dieser ist nun offiziell. \u201eColin Kleine-Bekel entspricht mit seinem Profil in vielen Punkten dem, was wir suchen: Ein junges deutsches Talent, das als Stammspieler bereits die 2. Bundesliga kennengelernt hat und seinen Teil zur Erfolgsstory der Kieler beitragen konnte\u201c, so wird Dirk Dufner, Gesch\u00e4ftsf\u00fchrer Sport des VfL Bochum, auf der Homepage der Westdeutschen zitiert.\n            <\/p>\n<p class=\"\">\n                    Der 22-j\u00e4hrige Kleine-Bekel hatte in der zur\u00fcckliegenden Serie wegen eines im Fr\u00fchjahr 2024 erlittenen Kreuzbandrisses und eines schleppenden Heilungsprozesses kein Bundesligaspiel bestreiten k\u00f6nnen. In der Aufstiegssaison 23\/24 war der Innenverteidiger 24-mal f\u00fcr Holstein im Einsatz, zudem wurde er in die U21-Nationalmannschaft berufen.\n            <\/p>\n<p>            Nicolai Remberg ist ein Holstein-Dauerbrenner<\/p>\n<p class=\"\">\n                    Remberg stieg in Kiel zum Publikumsliebling auf, machte sich durch unb\u00e4ndigen Einsatz einen Namen. Er bestritt 32 Bundesligaspiele f\u00fcr die KSV und war damit 24\/25 neben Shuto Machino der Dauerbrenner im Dress der \u201eSt\u00f6rche\u201c. Der zentrale Mittelfeldmann hatte zwar wenige Wochen nach dem Jahreswechsel seinen Vertrag beim Deutschen Meister von 1912 verl\u00e4ngert, dieser war jedoch mit einer Ausstiegsklausel versehen. Nun will er offenbar beim Hamburger SV seinen Weg weitergehen. Im Gegensatz zu Holstein und Kleine-Bekel wird ihn dieser auch weiterhin durch die Bundesliga f\u00fchren. Dem Aufstieg des HSV sei Dank.\n            <\/p>\n","protected":false},"excerpt":{"rendered":"Zwei Recken des k\u00fcnftigen Fu\u00dfball-Zweitligisten Holstein Kiel haben neue Vereine gefunden. Colin Kleine-Bekel wurde vom Mitabsteiger VfL Bochum&hellip;\n","protected":false},"author":2,"featured_media":152432,"comment_status":"","ping_status":"","sticky":false,"template":"","format":"standard","meta":{"footnotes":""},"categories":[1839],"tags":[7507,3364,26996,29,54047,347,30,29738,10243,4949,1209,25858,8173],"class_list":{"0":"post-152431","1":"post","2":"type-post","3":"status-publish","4":"format-standard","5":"has-post-thumbnail","7":"category-bochum","8":"tag-bochum","9":"tag-de","10":"tag-deutsche-meisterschaften","11":"tag-deutschland","12":"tag-dirk-dufner","13":"tag-fussball","14":"tag-germany","15":"tag-hamburger-sportverein-hsv","16":"tag-holstein-kiel","17":"tag-kiel","18":"tag-nordrhein-westfalen","19":"tag-vereinswechsel","20":"tag-vfl-bochum"},"share_on_mastodon":{"url":"https:\/\/pubeurope.com\/@de\/114598769156593934","error":""},"_links":{"self":[{"href":"https:\/\/www.europesays.com\/de\/wp-json\/wp\/v2\/posts\/152431","targetHints":{"allow":["GET"]}}],"collection":[{"href":"https:\/\/www.europesays.com\/de\/wp-json\/wp\/v2\/posts"}],"about":[{"href":"https:\/\/www.europesays.com\/de\/wp-json\/wp\/v2\/types\/post"}],"author":[{"embeddable":true,"href":"https:\/\/www.europesays.com\/de\/wp-json\/wp\/v2\/users\/2"}],"replies":[{"embeddable":true,"href":"https:\/\/www.europesays.com\/de\/wp-json\/wp\/v2\/comments?post=152431"}],"version-history":[{"count":0,"href":"https:\/\/www.europesays.com\/de\/wp-json\/wp\/v2\/posts\/152431\/revisions"}],"wp:featuredmedia":[{"embeddable":true,"href":"https:\/\/www.europesays.com\/de\/wp-json\/wp\/v2\/media\/152432"}],"wp:attachment":[{"href":"https:\/\/www.europesays.com\/de\/wp-json\/wp\/v2\/media?parent=152431"}],"wp:term":[{"taxonomy":"category","embeddable":true,"href":"https:\/\/www.europesays.com\/de\/wp-json\/wp\/v2\/categories?post=152431"},{"taxonomy":"post_tag","embeddable":true,"href":"https:\/\/www.europesays.com\/de\/wp-json\/wp\/v2\/tags?post=152431"}],"curies":[{"name":"wp","href":"https:\/\/api.w.org\/{rel}","templated":true}]}}