{"id":152433,"date":"2025-05-30T20:53:09","date_gmt":"2025-05-30T20:53:09","guid":{"rendered":"https:\/\/www.europesays.com\/de\/152433\/"},"modified":"2025-05-30T20:53:09","modified_gmt":"2025-05-30T20:53:09","slug":"doppel-manoever-von-nato-und-russland-droht-jetzt-der-grosse-ostsee-knall-politik","status":"publish","type":"post","link":"https:\/\/www.europesays.com\/de\/152433\/","title":{"rendered":"Doppel-Man\u00f6ver von Nato und Russland: Droht jetzt der gro\u00dfe Ostsee-Knall? | Politik"},"content":{"rendered":"<p><b>Anspannung in der Ostsee: Kommende Woche starten die Nato-Staaten ihr traditionelles Marine-Man\u00f6ver \u201eBaltops\u201c. Die gro\u00dfe Milit\u00e4r\u00fcbung, an der auch die Bundesmarine teilnimmt, findet seit \u00fcber 50 Jahren immer Anfang Juni statt. <\/b><\/p>\n<p>Brisant: Dieses Mal ist die <a href=\"https:\/\/www.bild.de\/politik\/ausland\/nato\/nato-alle-infos-79262508.bild.html\" class=\"text-link\" rel=\"nofollow noopener\" target=\"_blank\">Nato<\/a> nicht allein. Auch Kriegstreiber <a href=\"https:\/\/www.bild.de\/politik\/leute\/wladimir-putin\/wladimir-putin-alle-infos-79314364.bild.html\" class=\"text-link\" rel=\"nofollow noopener\" target=\"_blank\">Wladimir Putin<\/a> (72) schickt seine Flotte zum \u00dcben in die Ostsee. Seit Dienstag sind 20 russische Kriegsschiffe zur j\u00e4hrlichen Gro\u00df-\u00dcbung unterwegs \u2013 einen Monat fr\u00fcher als sonst. <\/p>\n<p><b>Putins und unsere Truppen k\u00f6nnten sich dieses Mal also durchaus gef\u00e4hrlich nah kommen. Bereits am Montag <\/b><a href=\"https:\/\/www.bild.de\/politik\/ausland-und-internationales\/in-der-ostsee-russen-fregatte-lauert-auf-deutsches-marineschiff-6836cd071572f10f9457d372\" class=\"text-link\" rel=\"nofollow noopener\" target=\"_blank\"><b>lauerte ein Russen-Zerst\u00f6rer auf die deutsche Fregatte \u201eBayern\u201c. <\/b><\/a><\/p>\n<p>Lesen Sie auchDroht also m\u00f6glicherweise ein Ostsee-Knall?<\/p>\n<p><b>Sicherheitsexperte Moritz Brake warnt: \u201eDie Russen sind sehr aggressiv. Das, was in der Ostsee passiert, birgt immer die Gefahr, in eine sch\u00e4rfere Eskalation zu m\u00fcnden.\u201c <\/b><\/p>\n<p>Er glaube zwar nicht, dass Russland w\u00e4hrend der \u00dcbung angreife. Aber Provokationen seien m\u00f6glich. Konkret: Nato-Schiffe k\u00f6nnten am Weiterfahren gehindert werden, Russen-Flieger \u00fcber Nato-Schiffe hinwegdonnern. Brake: \u201eEs geht darum, Wachsamkeit auszutesten: Wie schnell reagiert die Nato?\u201c<\/p>\n<p><b>Au\u00dferdem wolle <\/b><a href=\"https:\/\/www.bild.de\/politik\/ausland\/russland\/russland-alle-infos-79315672.bild.html\" class=\"text-link\" rel=\"nofollow noopener\" target=\"_blank\"><b>Russland<\/b><\/a><b> die Botschaft aussenden: \u201eIhr seid schwach, ihr seid verwundbar.\u201c<\/b><\/p>\n<p>Marineexperte Johannes Peters: \u201eWir sehen, dass Russland gerade in der Ostsee versucht, sein Drohpotenzial zu verst\u00e4rken.\u201c Daneben nutze die russische Marine das Man\u00f6ver zur Aufkl\u00e4rung und Beobachtung der Gegenseite. \u201eRussland bringt daf\u00fcr eigene Einheiten in die Region, was aber auch legitim ist.\u201c<\/p>\n<p>\u201eWir d\u00fcrfen keine Angst haben\u201c<\/p>\n<p>Dass Putin das Man\u00f6ver vorverlegt habe, komme nicht \u00fcberraschend. Peters: \u201eSeit Jahren behauptet Russland, die Nato w\u00fcrde sich ausbreiten\u201c. Russland demonstriere mit seiner \u00dcbung auch der eigenen Bev\u00f6lkerung St\u00e4rke und Handlungsf\u00e4higkeit. <\/p>\n<p><b>Brake sagt: \u201eRussland verh\u00e4lt sich in den letzten Jahren immer aggressiver. Die Deutsche Marine ist im h\u00f6chsten Ma\u00dfe wachsam.\u201c Und er fordert: \u201eWir d\u00fcrfen uns von Russland keine Angst machen lassen.\u201c<\/b><\/p>\n<p><b>Dr. Moritz Brake<\/b> ist Chef und Mitgr\u00fcnder des Beratungsunternehmens Nexmaris, Senior Fellow des CASSIS (Think-Tank Uni Bonn) sowie Reserveoffizier der Deutschen Marine.<\/p>\n<p><b>Johannes Peters<\/b> ist Abteilungsleiter der Maritimen Strategie und Sicherheit am Institut f\u00fcr Sicherheitspolitik an der Universit\u00e4t Kiel.<\/p>\n","protected":false},"excerpt":{"rendered":"Anspannung in der Ostsee: Kommende Woche starten die Nato-Staaten ihr traditionelles Marine-Man\u00f6ver \u201eBaltops\u201c. Die gro\u00dfe Milit\u00e4r\u00fcbung, an der&hellip;\n","protected":false},"author":2,"featured_media":152434,"comment_status":"","ping_status":"","sticky":false,"template":"","format":"standard","meta":{"footnotes":""},"categories":[4013],"tags":[331,332,13,14,1159,15,2852,3082,4043,4044,850,307,12,45,317],"class_list":{"0":"post-152433","1":"post","2":"type-post","3":"status-publish","4":"format-standard","5":"has-post-thumbnail","7":"category-russland","8":"tag-aktuelle-nachrichten","9":"tag-aktuelle-news","10":"tag-headlines","11":"tag-nachrichten","12":"tag-nato","13":"tag-news","14":"tag-ostsee","15":"tag-putin-wladimir","16":"tag-russia","17":"tag-russian-federation","18":"tag-russische-foederation","19":"tag-russland","20":"tag-schlagzeilen","21":"tag-texttospeech","22":"tag-ukraine"},"share_on_mastodon":{"url":"https:\/\/pubeurope.com\/@de\/114598772954741600","error":""},"_links":{"self":[{"href":"https:\/\/www.europesays.com\/de\/wp-json\/wp\/v2\/posts\/152433","targetHints":{"allow":["GET"]}}],"collection":[{"href":"https:\/\/www.europesays.com\/de\/wp-json\/wp\/v2\/posts"}],"about":[{"href":"https:\/\/www.europesays.com\/de\/wp-json\/wp\/v2\/types\/post"}],"author":[{"embeddable":true,"href":"https:\/\/www.europesays.com\/de\/wp-json\/wp\/v2\/users\/2"}],"replies":[{"embeddable":true,"href":"https:\/\/www.europesays.com\/de\/wp-json\/wp\/v2\/comments?post=152433"}],"version-history":[{"count":0,"href":"https:\/\/www.europesays.com\/de\/wp-json\/wp\/v2\/posts\/152433\/revisions"}],"wp:featuredmedia":[{"embeddable":true,"href":"https:\/\/www.europesays.com\/de\/wp-json\/wp\/v2\/media\/152434"}],"wp:attachment":[{"href":"https:\/\/www.europesays.com\/de\/wp-json\/wp\/v2\/media?parent=152433"}],"wp:term":[{"taxonomy":"category","embeddable":true,"href":"https:\/\/www.europesays.com\/de\/wp-json\/wp\/v2\/categories?post=152433"},{"taxonomy":"post_tag","embeddable":true,"href":"https:\/\/www.europesays.com\/de\/wp-json\/wp\/v2\/tags?post=152433"}],"curies":[{"name":"wp","href":"https:\/\/api.w.org\/{rel}","templated":true}]}}