{"id":152445,"date":"2025-05-30T20:59:10","date_gmt":"2025-05-30T20:59:10","guid":{"rendered":"https:\/\/www.europesays.com\/de\/152445\/"},"modified":"2025-05-30T20:59:10","modified_gmt":"2025-05-30T20:59:10","slug":"europas-leitboersen-schliessen-ueberwiegend-etwas-hoeher-trend-at","status":"publish","type":"post","link":"https:\/\/www.europesays.com\/de\/152445\/","title":{"rendered":"Europas Leitb\u00f6rsen schlie\u00dfen \u00fcberwiegend etwas h\u00f6her &#8211; trend.at"},"content":{"rendered":"<ol>\n<li><a href=\"https:\/\/news.google.com\/rss\/articles\/CBMihgFBVV95cUxNVmZUd2I5Qnh3UFl5N214bHhRUklGaG1RS2ZoNmJFU1hWLVNkMVJwcHJzVnE0MldNdWxVSG1UdDRlRkx6ay02Ry1yN3lNVFBpWGZnQTIycEdDV0hicUNUelFjYVo0elhkVFhfU3AtODN0VEdTdEdEU3loX1BUOUJER0pDbFpRUQ?oc=5\" target=\"_blank\" rel=\"noopener\">Europas Leitb\u00f6rsen schlie\u00dfen \u00fcberwiegend etwas h\u00f6her<\/a>&nbsp;&nbsp;trend.at<\/li>\n<li><a href=\"https:\/\/news.google.com\/rss\/articles\/CBMitAFBVV95cUxNZWJZbVNXdVJhblRNM3E1NXdpRHI5aTZCRWR4bFc5N2RibWFiZHROTlRiZmtMWHdrSjNlRmpMMElicmpTeE5xT0RkTEhYenFHMFBBYlZ3ZGtQY0k4MDVwNUhjWEJhT2VaU3hMUndnZzRYUHBwblVvaEZBeklIWVFWOU4zMDFYNXZXZVRXSW9xMVZEWS15S0x1Uy1MbXdxd09zTloxMzYzNWlpRnZ3LXkzNHdLX0TSAboBQVVfeXFMTzZkMElHTVZ0UnhkLTdrdzBwNVBGSmZYZjlMTHFYVFFtNFdfUElJVWdkaHJFUGgyU0xFS3FfRFJrM1JxMS1yd1RHNlY4WF83SEJiTW9KN2pKMEYtbnlBbnRDUUNhSkYyejVPTWxwenlnN0pZSVpsbXV2Nk9JV05nVFpxWUZvQzFMQWdIMVRQZDFxUmxYQkVrR0tORU5oN2pYQXdVaXVZRkI5UmNjeFhkazV3U2wxOGR5ZHV3?oc=5\" target=\"_blank\" rel=\"noopener\">Aktien Europa Schluss: EuroStoxx schafft wieder Wochenplus &#8211; Starker Monat &#8211; boerse.de<\/a>&nbsp;&nbsp;boerse.de<\/li>\n<li><a href=\"https:\/\/news.google.com\/rss\/articles\/CBMivAFBVV95cUxQYlpfcEpQa3B4Vk1nR191QTc0bnFyNEhVcjl1RmhzWG9lYzhzMHpXc28yUGZIZ1d3TkVjeV8yUlp3YzdveHlMRHVnOHNvTkhqS0VzMzBzbl9rU2sxRDZHT1R6TkhSYVRnS0duVWtKazBDbDM0eURubmI0X1ktYlBSQTZHa19vQ3RHR21pbHpmcHZOeF9sbUc2ZFh6NUpGV3ZlSlBpTVNzU1pHUk81U19FOUxiRThrRFBFLWV1YQ?oc=5\" target=\"_blank\" rel=\"noopener\">Aktien Europa: Leichte Gewinne bei abwartendem Gesch\u00e4ft<\/a>&nbsp;&nbsp;T-Online<\/li>\n<li><a href=\"https:\/\/news.google.com\/rss\/articles\/CBMiwgFBVV95cUxQaVUyZENyaU5hTzVYREhlcEZvY3AxelFjbWtPOE0yRGZaZ2Q4U2xEdzFIYlBxRGgxaVJWTnlJNm9MTjFnQ0tybm52YjR4ZDdDcnRBb2t6NVdFWTIyR2R0R3JuUmh1Z0VRSGk5RzVwNzN6dWhHbm9QOU42TUUzUHR1X0tyNjFBT1c4Y2RJbkt1N0FmaUtSX3lGVUNjbnI0UlJrMEdLRHRTU3FKbG9hZlBYMzNUbDJFbU14ci1oNktrRTVvUQ?oc=5\" target=\"_blank\" rel=\"noopener\">ROUNDUP\/Aktien Europa Schluss: Verluste &#8211; Gespanntes Warten auf Nvidia-Zahlen Von dpa-AFX<\/a>&nbsp;&nbsp;Investing.com Deutsch<\/li>\n<li><a href=\"https:\/\/news.google.com\/rss\/articles\/CBMi7AFBVV95cUxOUXJhcVJRYVhaaFdzek5WNUVUX2IyQU5vUUgxeEMteld1b0VMM0Z0WjZLXzV6LTkxMmx3WW5mQ1BMc2ptRXpSdHJQaE1MemhEWkF2NXpob2dfY3Jmb0ctN1ZrRzhUSmlubC1jRC1VTFV1ajV4cU9PWlZrSXpBaWR0NnZ1Y0JkY21SU05rQmtMRkVUY0pQekFxQ2xTZFNOVkZ0S0NSUTFqSHZ1YktJdEZOVnVCSFdCZlVhT0NpQi1XcG8za3pNUnNTVjBVVXRPYUt6bDlFTUNEM3d1V2NEVUlzcXVQNER4ZWRINkJQRQ?oc=5\" target=\"_blank\" rel=\"noopener\">Europ\u00e4ische M\u00e4rkte er\u00f6ffnen: Stoxx 600 bewegt sich um die Null; Fokus auf deutsche Daten, US-Notenbank, Nvidia-Ergebnisse<\/a>&nbsp;&nbsp;Invezz<\/li>\n<\/ol>\n","protected":false},"excerpt":{"rendered":"Europas Leitb\u00f6rsen schlie\u00dfen \u00fcberwiegend etwas h\u00f6her&nbsp;&nbsp;trend.at Aktien Europa Schluss: EuroStoxx schafft wieder Wochenplus &#8211; Starker Monat &#8211; boerse.de&nbsp;&nbsp;boerse.de&hellip;\n","protected":false},"author":2,"featured_media":152446,"comment_status":"","ping_status":"","sticky":false,"template":"","format":"standard","meta":{"footnotes":""},"categories":[3933],"tags":[4064,331,332,29,548,34992,54054,663,158,3934,3935,2051,551,13,38024,9991,4036,18906,171,5800,14,15,38022,12,54053,9992],"class_list":{"0":"post-152445","1":"post","2":"type-post","3":"status-publish","4":"format-standard","5":"has-post-thumbnail","7":"category-eu","8":"tag-aktienmarkt","9":"tag-aktuelle-nachrichten","10":"tag-aktuelle-news","11":"tag-deutschland","12":"tag-eu","13":"tag-euro-stoxx-50","14":"tag-euro-stoxx-50-euro-stoxx-50","15":"tag-europa","16":"tag-europaeische-union","17":"tag-europe","18":"tag-european-union","19":"tag-frankfurt-am-main","20":"tag-grossbritannien","21":"tag-headlines","22":"tag-horizontal","23":"tag-kurz","24":"tag-london","25":"tag-market","26":"tag-markets","27":"tag-marktbericht","28":"tag-nachrichten","29":"tag-news","30":"tag-politics","31":"tag-schlagzeilen","32":"tag-wirtschaft-boerse","33":"tag-wissen-update-me"},"share_on_mastodon":{"url":"https:\/\/pubeurope.com\/@de\/114598797648509700","error":""},"_links":{"self":[{"href":"https:\/\/www.europesays.com\/de\/wp-json\/wp\/v2\/posts\/152445","targetHints":{"allow":["GET"]}}],"collection":[{"href":"https:\/\/www.europesays.com\/de\/wp-json\/wp\/v2\/posts"}],"about":[{"href":"https:\/\/www.europesays.com\/de\/wp-json\/wp\/v2\/types\/post"}],"author":[{"embeddable":true,"href":"https:\/\/www.europesays.com\/de\/wp-json\/wp\/v2\/users\/2"}],"replies":[{"embeddable":true,"href":"https:\/\/www.europesays.com\/de\/wp-json\/wp\/v2\/comments?post=152445"}],"version-history":[{"count":0,"href":"https:\/\/www.europesays.com\/de\/wp-json\/wp\/v2\/posts\/152445\/revisions"}],"wp:featuredmedia":[{"embeddable":true,"href":"https:\/\/www.europesays.com\/de\/wp-json\/wp\/v2\/media\/152446"}],"wp:attachment":[{"href":"https:\/\/www.europesays.com\/de\/wp-json\/wp\/v2\/media?parent=152445"}],"wp:term":[{"taxonomy":"category","embeddable":true,"href":"https:\/\/www.europesays.com\/de\/wp-json\/wp\/v2\/categories?post=152445"},{"taxonomy":"post_tag","embeddable":true,"href":"https:\/\/www.europesays.com\/de\/wp-json\/wp\/v2\/tags?post=152445"}],"curies":[{"name":"wp","href":"https:\/\/api.w.org\/{rel}","templated":true}]}}