{"id":152449,"date":"2025-05-30T21:01:11","date_gmt":"2025-05-30T21:01:11","guid":{"rendered":"https:\/\/www.europesays.com\/de\/152449\/"},"modified":"2025-05-30T21:01:11","modified_gmt":"2025-05-30T21:01:11","slug":"gala-gegen-die-niederlande-dfb-frauen-holen-nations-league-gruppensieg-ndr-de-sport","status":"publish","type":"post","link":"https:\/\/www.europesays.com\/de\/152449\/","title":{"rendered":"Gala gegen die Niederlande: DFB-Frauen holen Nations-League-Gruppensieg | NDR.de &#8211; Sport"},"content":{"rendered":"<p>\nStand: 30.05.2025 22:42 Uhr\n<\/p>\n<p class=\"preface\">Die deutschen Fu\u00dfballerinnen haben sich am Freitagabend durch einen 4:0 (3:0)-Erfolg in Bremen gegen die Niederlande vorzeitig den Gruppensieg in der Nations League gesichert. Das Team von Bundestrainer Christian W\u00fcck zeigte dabei f\u00fcnf Wochen vor Beginn der Europameisterschaft in der Schweiz eine Gala-Vorstellung.<\/p>\n<p class=\"textauthor\">von Hanno Bode<\/p>\n<p>&#8222;Oh, wie ist das sch\u00f6n, oh, wie ist das sch\u00f6n&#8220;, hallte es bereits vor der Halbzeit durch das Weserstadion. Mit dem Pausenpfiff gab es dann Standing Ovations f\u00fcr die Auswahl des Deutschen Fu\u00dfball-Bundes (DFB). Die Begeisterungsst\u00fcrme hatten sich die Gastgeberinnen durch einen bis dahin in allen Bereichen restlos \u00fcberzeugenden Auftritt redlich verdient.<\/p>\n<p>Bereits nach 45 Minuten war die Entscheidung am Osterdeich durch Treffer von Linda Dallmann (9.), Lea Sch\u00fcller (25.,) und  Sarai Linder (45.) gefallen. Nach dem Seitenwechsel erh\u00f6hte Sch\u00fcller noch auf 4:0 (48.) f\u00fcr Deutschland, das damit das Ticket f\u00fcr das Final Four der Nations League im Herbst l\u00f6ste.<\/p>\n<p>&#8222;Wir waren von Anfang an da und haben dieses Mal auf konstant hohem Level Fu\u00dfball gespielt. Wir haben heute wirklich ein sehr, sehr gutes Spiel gemacht in allen Mannschaftsteilen&#8220;, sagte W\u00fcck im ARD-Interview. Doppeltorsch\u00fctzin Sch\u00fcller stellte zufrieden fest: &#8222;Wir wollten auch mal in Deutschland ein gutes Spiel abliefern. Und das ist uns heute gelungen.&#8220;<\/p>\n<p>Dienstag EM-Generalprobe in Wien gegen \u00d6sterreich<\/p>\n<p>Im letzten Gruppenspiel am kommenden Dienstag (20.30 Uhr, live in der ARD) in Wien gegen \u00d6sterreich geht es f\u00fcr das DFB-Team nun nur noch ums Prestige &#8211; und nat\u00fcrlich eine gelungene EM-Generalprobe. Denn das Duell mit der Alpenrepublik ist auch schon das letzte Spiel vor Beginn des Turniers in der Schweiz (2. bis 27. Juli).<\/p>\n<p>DFB-Team von Beginn an dominant<\/p>\n<p><a href=\"https:\/\/www.europesays.com\/de\/wp-content\/uploads\/2025\/05\/nationalmannschaft394_v-contentgross.jpg\" class=\"zoomimage\" title=\"Die Wolfsburgerin Janina Minge (r.) bereitete zwei Treffer vor. \u00a9 IMAGO \/ Fotostand\"><\/p>\n<p><img decoding=\"async\" src=\"https:\/\/www.europesays.com\/de\/wp-content\/uploads\/2025\/05\/nationalmannschaft394_v-contentgross.jpg\" alt=\"Die deutsche Nationalspielerin Janina Minge (r.) im Duell mit der Niederl\u00e4nderin Jill Roord \u00a9 IMAGO \/ Fotostand \" title=\"Die deutsche Nationalspielerin Janina Minge (r.) im Duell mit der Niederl\u00e4nderin Jill Roord\" class=\"responsive\"\/><\/p>\n<p><\/a><br \/>\nDie Wolfsburgerin Janina Minge (r.) bereitete zwei Treffer vor.<\/p>\n<p>In der insbesondere im ersten Abschnitt gegen die Niederlande gezeigten Verfassung ist das W\u00fcck-Team ein Top-Titelfavorit. Deutschland riss sofort das Zepter an sich und initiierte einen Angriff nach dem anderen. Nach Ballgewinnen wurde immer wieder schnell das Mittelfeld \u00fcberbr\u00fcckt und versucht, \u00fcber die Au\u00dfen B\u00e4lle in den R\u00fccken der &#8222;Oranje&#8220;-Verteidigung zu spielen. Insbesondere \u00fcber die rechte Seite gelang dies mehrfach.<\/p>\n<p>Jule Brand war hier ein st\u00e4ndiger Unruheherd. Sie bereitete das 2:0 durch Sch\u00fcller musterg\u00fcltig mit einem Pass auf den langen Pfosten vor und betrieb auch sonst eindrucksvoll Eigenwerbung f\u00fcr einen EM-Stammplatz.<\/p>\n<p>\u00dcberragende Dallmann sorgt f\u00fcr fr\u00fche F\u00fchrung<\/p>\n<p>Vor Sch\u00fcllers Treffer hatte ihre M\u00fcnchner Vereinskameradin Dallmann die DFB-Auswahl in F\u00fchrung gebracht. Nach einem zun\u00e4chst abgewehrten Eckball gelangte der Ball \u00fcber Umwege zur im ersten Durchgang omnipr\u00e4senten Mittelfeldspielerin. Einen Pass von Janina Minge bugsierte Dallmann dann mit einem Rechtsschuss in den Giebel.<\/p>\n<p>Kurz vor der Pause f\u00fchrte dann eine Wolfsburger Koproduktion zum 3:0: Minge stecke das Spielger\u00e4t zu Linder durch, die freie Bahn hatte und Keeperin Lize\u00a0Kop mit einem platzierten Schuss keine Abwehrchance lie\u00df. Die G\u00e4ste, die Deutschland vor heimischer Kulisse im Nations-League-Hinspiel ein 2:2 abgetrotzt hatten, entt\u00e4uschten offensiv im ersten Abschnitt auf ganzer Linie.<\/p>\n<p>Traumtor zum 4:0 durch Sch\u00fcller<\/p>\n<p><a href=\"https:\/\/www.europesays.com\/de\/wp-content\/uploads\/2025\/05\/nationalmannschaft398_v-contentgross.jpg\" class=\"zoomimage\" title=\"Lea Sch\u00fcller erzielte ihre L\u00e4nderspiel-Tore 50 und 51 gegen die Niederlande. \u00a9 IMAGO \/ Kirchner-Media\"><\/p>\n<p><img decoding=\"async\" src=\"https:\/\/www.europesays.com\/de\/wp-content\/uploads\/2025\/05\/nationalmannschaft398_v-contentgross.jpg\" alt=\"Die deutsche Nationalspielerin Lea Sch\u00fcller bejubelt ihr Tor zum 4:0 gegen die Niederlande \u00a9 IMAGO \/ Kirchner-Media \" title=\"Die deutsche Nationalspielerin Lea Sch\u00fcller bejubelt ihr Tor zum 4:0 gegen die Niederlande\" class=\"responsive\"\/><\/p>\n<p><\/a><br \/>\nLea Sch\u00fcller erzielte ihre L\u00e4nderspiel-Tore 50 und 51 gegen die Niederlande.<\/p>\n<p>&#8222;Oranje&#8220;-Trainer Andries Jonker wechselte zum zweiten Abschnitt gleich dreifach. Doch auch mit dem neuen Personal zeigten die Niederl\u00e4nderinnen alte Schw\u00e4chen. Der Europameister von 2017 bekam im Mittelfeld keinen Zugriff und war auf den Au\u00dfenpositionen mit dem deutschen Hochgeschwindigkeits-Fu\u00dfball \u00fcberfordert.<\/p>\n<p>Ein weiteres ebenso \u00fcberlegt wie sch\u00f6n herausgespieltes Tor war die Folge. Diesmal bediente Giulia\u00a0Gwinn, die von Dallmann per Hacke in Szene gesetzt wurde, Sch\u00fcller mit einer pr\u00e4zisen Flanke, der Rest war per Kopf f\u00fcr die Angreiferin Formsache.<\/p>\n<p>Deutschland bis zum Schluss dominant<\/p>\n<p>Trotz des komfortablen Vorsprungs lie\u00df das W\u00fcck-Team keinen Deut nach. Deutschland bestach weiter durch konzentrierte Verteidigungsarbeit und \u00fcberlegten, temporeichen Angriffsfu\u00dfball. Im letzten Drittel des Feldes lie\u00df der Rekordeuropameister nach dem 4:0 allerdings die zuvor gezeigte Konsequenz im Abschluss vermissen.<\/p>\n<p>Erst in der Schlussphase nahm die DFB-Auswahl etwas den Fu\u00df vom Gaspedal. Das blieb gegen \u00fcber die gesamte Distanz \u00fcberraschend schwache Niederl\u00e4nderinnen aber letztlich ohne Folgen, obwohl die G\u00e4ste kurz vor Ultimo noch Chancen zum Anschlusstreffer hatten.<\/p>\n<p>Weitere Informationen<\/p>\n<p><img decoding=\"async\" src=\"https:\/\/www.europesays.com\/de\/wp-content\/uploads\/2025\/05\/wueck120_v-contentgross.jpg\" alt=\"Bundestrainer Christian W\u00fcck \u00a9 IMAGO \/ IPA Photo \" title=\"Bundestrainer Christian W\u00fcck\" class=\"responsive\"\/><\/p>\n<p>\nNoch vier Partien hat die deutsche Fu\u00dfball-Nationalmannschaft vor dem Turnier, um in Form zu kommen. Der neue Bundestrainer sieht &#8222;viel Arbeit&#8220; vor sich und dem Team.<br \/>\n<a title=\"Zum Artikel: Bundestrainer W\u00fcck \u00fcber DFB-Frauen 100 Tage vor EM-Start: &quot;W\u00fcnschte, wir w\u00e4ren weiter&quot;\" href=\"https:\/\/www.ndr.de\/sport\/fussball\/Bundestrainer-Wueck-ueber-DFB-Frauen-100-Tage-vor-EM-Start-Wuenschte-wir-waeren-weiter,wueck118.html\" class=\"cta \" target=\"_blank\" rel=\"noopener\">mehr<\/a>\n<\/p>\n<p><img decoding=\"async\" src=\"https:\/\/www.europesays.com\/de\/wp-content\/uploads\/2025\/05\/berger334_v-contentgross.jpg\" alt=\"Nationaltorh\u00fcterin Ann-Kathrin Berger bei den Olympischen Spielen in Paris \u00a9 IMAGO \/ Eibner \" title=\"Nationaltorh\u00fcterin Ann-Kathrin Berger bei den Olympischen Spielen in Paris\" class=\"responsive\"\/><\/p>\n<p>\nBundestrainer Christian W\u00fcck hat seinen 23-k\u00f6pfigen Kader f\u00fcr die Nations-League-Spiele Anfang April gegen Schottland benannt und sich in der T-Frage f\u00fcr die EM festgelegt.<br \/>\n<a title=\"Zum Artikel: Bundestrainer W\u00fcck setzt auf Torh\u00fcterin Berger bei EM und holt Kett\" href=\"https:\/\/www.ndr.de\/sport\/fussball\/DFB-Frauen-Bundestrainer-Wueck-setzt-auf-Torhueterin-Berger-bei-EM-und-holt-Kett,dfbteam1160.html\" class=\"cta \" target=\"_blank\" rel=\"noopener\">mehr<\/a>\n<\/p>\n<p>Dieses Thema im Programm:<\/p>\n<p>NDR 2 Sport |<br \/>\n30.05.2025 | 23:03 Uhr<\/p>\n<p><img decoding=\"async\" src=\"https:\/\/www.europesays.com\/de\/wp-content\/uploads\/2025\/03\/ndr_printlogo.gif\" alt=\"NDR Logo\" title=\"NDR Logo\"\/><\/p>\n","protected":false},"excerpt":{"rendered":"Stand: 30.05.2025 22:42 Uhr Die deutschen Fu\u00dfballerinnen haben sich am Freitagabend durch einen 4:0 (3:0)-Erfolg in Bremen gegen&hellip;\n","protected":false},"author":2,"featured_media":152450,"comment_status":"","ping_status":"","sticky":false,"template":"","format":"standard","meta":{"footnotes":""},"categories":[5],"tags":[331,332,2420,3364,29,481,54056,3236,30,13,13328,14,438,15,965,439,440,12],"class_list":{"0":"post-152449","1":"post","2":"type-post","3":"status-publish","4":"format-standard","5":"has-post-thumbnail","7":"category-nachrichten","8":"tag-aktuelle-nachrichten","9":"tag-aktuelle-news","10":"tag-bremen","11":"tag-de","12":"tag-deutschland","13":"tag-dfb","14":"tag-dfb-frauen","15":"tag-frauen","16":"tag-germany","17":"tag-headlines","18":"tag-laenderspiel","19":"tag-nachrichten","20":"tag-ndr","21":"tag-news","22":"tag-niederlande","23":"tag-norddeutscher-rundfunk","24":"tag-norddeutschland","25":"tag-schlagzeilen"},"share_on_mastodon":{"url":"","error":""},"_links":{"self":[{"href":"https:\/\/www.europesays.com\/de\/wp-json\/wp\/v2\/posts\/152449","targetHints":{"allow":["GET"]}}],"collection":[{"href":"https:\/\/www.europesays.com\/de\/wp-json\/wp\/v2\/posts"}],"about":[{"href":"https:\/\/www.europesays.com\/de\/wp-json\/wp\/v2\/types\/post"}],"author":[{"embeddable":true,"href":"https:\/\/www.europesays.com\/de\/wp-json\/wp\/v2\/users\/2"}],"replies":[{"embeddable":true,"href":"https:\/\/www.europesays.com\/de\/wp-json\/wp\/v2\/comments?post=152449"}],"version-history":[{"count":0,"href":"https:\/\/www.europesays.com\/de\/wp-json\/wp\/v2\/posts\/152449\/revisions"}],"wp:featuredmedia":[{"embeddable":true,"href":"https:\/\/www.europesays.com\/de\/wp-json\/wp\/v2\/media\/152450"}],"wp:attachment":[{"href":"https:\/\/www.europesays.com\/de\/wp-json\/wp\/v2\/media?parent=152449"}],"wp:term":[{"taxonomy":"category","embeddable":true,"href":"https:\/\/www.europesays.com\/de\/wp-json\/wp\/v2\/categories?post=152449"},{"taxonomy":"post_tag","embeddable":true,"href":"https:\/\/www.europesays.com\/de\/wp-json\/wp\/v2\/tags?post=152449"}],"curies":[{"name":"wp","href":"https:\/\/api.w.org\/{rel}","templated":true}]}}