{"id":152455,"date":"2025-05-30T21:04:11","date_gmt":"2025-05-30T21:04:11","guid":{"rendered":"https:\/\/www.europesays.com\/de\/152455\/"},"modified":"2025-05-30T21:04:11","modified_gmt":"2025-05-30T21:04:11","slug":"wdr-sport-telekom-baskets-bonn-duo-geht-birts-kommt","status":"publish","type":"post","link":"https:\/\/www.europesays.com\/de\/152455\/","title":{"rendered":"WDR-Sport: Telekom Baskets Bonn: Duo geht &#8211; Birts kommt"},"content":{"rendered":"<p class=\"metatextline\">Stand: 30.05.2025 22:35 Uhr<\/p>\n<p class=\"textabsatz columns twelve  m-ten  m-offset-one l-eight l-offset-two\">\n        <strong><strong>Lars Thiemann und Till Pape werden in der kommenden Saison nicht mehr dem Kader der Telekom Baskets Bonn angeh\u00f6ren. Mit Tylan Birts verpflichtete Bonn den &#8222;Verteidiger des Jahres&#8220; des tschechischen Meisters ERA Nymburk.<\/strong><\/strong>\n    <\/p>\n<p class=\"textabsatz--contains-image  m-six l-five textabsatz columns twelve\">\n&#8222;Mit Tylan Birts verst\u00e4rkt uns ein erfahrener Fl\u00fcgelspieler, der in der vergangenen Saison einen wichtigen Teil zur Meisterschaft Nymburks beigetragen hat. Wir erhoffen uns von ihm, dass er unserem Team mit seiner Mentalit\u00e4t, Verteidigung und F\u00fchrungsqualit\u00e4t Stabilit\u00e4t verschafft, was uns in der vergangenen Saison etwas gefehlt hat&#8220;, sagte Bonns Trainer Marko Stankovic.<\/p>\n<p class=\"absatzbild__info__text\">\n                        Till Pape von den Telekom Baskets Bonn in Aktion gegen die Skyliners Frankfurt\n                    <\/p>\n<p class=\"textabsatz m-ten m-offset-one l-eight l-offset-two columns twelve\">\nMit Thiemann und Pape verlassen zwei Spieler auf den gro\u00dfen Positionen den Verein. Der 25 Jahre alte Thiemann hat sich mit dem Verein auf eine Aufl\u00f6sung des urspr\u00fcnglich bis 2026 laufenden Vertrags geeinigt und wechselt zu Bundesliga-Konkurrent Rasta Vechta. Das teilten die Baskets am Donnerstag mit. Thiemann kam in der abgelaufenen Saison im Schnitt auf neun Einsatzminuten und 2,0 Punkte sowie 1,8 Rebounds.<\/p>\n<p class=\"textabsatz m-ten m-offset-one l-eight l-offset-two columns twelve\">\nBereits am Dienstag hatten die Baskets den Abgang von Till Pape vermeldet. Der Co-Kapit\u00e4n des Teams schlie\u00dft sich den Skyliners Frankfurt an. Pape war im Sommer 2023 gemeinsam mit Trainer Roel Moors und Teamkollege Harald Frey aus G\u00f6ttingen nach Bonn gekommen.<\/p>\n<p class=\"textabsatz m-ten m-offset-one l-eight l-offset-two columns twelve\">\n&#8222;Wir bedanken uns bei Till Pape f\u00fcr zwei besondere Jahre in der Baskets-Geschichte. Nach dem Champions League-Sieg 2023 hat er zusammen mit allen anderen neuen Spielern den Umbruch gut mitgestaltet. Auch in unserer Jubil\u00e4umssaison hat er als Co-Captain alles f\u00fcr uns gegeben, sowohl sportlich als auch menschlich&#8220;, sagte Baskets-Sportdirektor Savo Milovic.<\/p>\n<p class=\"textabsatz m-ten m-offset-one l-eight l-offset-two columns twelve\">\nUnsere Quelle:<\/p>\n<p>                                        <a class=\"backlink__link\" href=\"https:\/\/www1.wdr.de\/sport\/basketball\/telekom-baskets-bonn-lars-thiemann-till-pape-100.html\" rel=\"nofollow noopener\" target=\"_blank\"><\/p>\n<p>                                                <img decoding=\"async\" src=\"https:\/\/www.europesays.com\/de\/wp-content\/uploads\/2025\/04\/1743744868_627_lra-wdr-logo-100.svg.svg+xml\" alt=\"Westdeutscher Rundfunk\"\/><\/p>\n<p>                                        <\/a><\/p>\n","protected":false},"excerpt":{"rendered":"Stand: 30.05.2025 22:35 Uhr Lars Thiemann und Till Pape werden in der kommenden Saison nicht mehr dem Kader&hellip;\n","protected":false},"author":2,"featured_media":152456,"comment_status":"","ping_status":"","sticky":false,"template":"","format":"standard","meta":{"footnotes":""},"categories":[1842],"tags":[2493,9688,2472,1741,3364,29,30,1209,225],"class_list":{"0":"post-152455","1":"post","2":"type-post","3":"status-publish","4":"format-standard","5":"has-post-thumbnail","7":"category-bonn","8":"tag-basketball","9":"tag-baskets-bonn","10":"tag-bbl","11":"tag-bonn","12":"tag-de","13":"tag-deutschland","14":"tag-germany","15":"tag-nordrhein-westfalen","16":"tag-wdr"},"share_on_mastodon":{"url":"https:\/\/pubeurope.com\/@de\/114598816345084380","error":""},"_links":{"self":[{"href":"https:\/\/www.europesays.com\/de\/wp-json\/wp\/v2\/posts\/152455","targetHints":{"allow":["GET"]}}],"collection":[{"href":"https:\/\/www.europesays.com\/de\/wp-json\/wp\/v2\/posts"}],"about":[{"href":"https:\/\/www.europesays.com\/de\/wp-json\/wp\/v2\/types\/post"}],"author":[{"embeddable":true,"href":"https:\/\/www.europesays.com\/de\/wp-json\/wp\/v2\/users\/2"}],"replies":[{"embeddable":true,"href":"https:\/\/www.europesays.com\/de\/wp-json\/wp\/v2\/comments?post=152455"}],"version-history":[{"count":0,"href":"https:\/\/www.europesays.com\/de\/wp-json\/wp\/v2\/posts\/152455\/revisions"}],"wp:featuredmedia":[{"embeddable":true,"href":"https:\/\/www.europesays.com\/de\/wp-json\/wp\/v2\/media\/152456"}],"wp:attachment":[{"href":"https:\/\/www.europesays.com\/de\/wp-json\/wp\/v2\/media?parent=152455"}],"wp:term":[{"taxonomy":"category","embeddable":true,"href":"https:\/\/www.europesays.com\/de\/wp-json\/wp\/v2\/categories?post=152455"},{"taxonomy":"post_tag","embeddable":true,"href":"https:\/\/www.europesays.com\/de\/wp-json\/wp\/v2\/tags?post=152455"}],"curies":[{"name":"wp","href":"https:\/\/api.w.org\/{rel}","templated":true}]}}