{"id":152482,"date":"2025-05-30T21:20:17","date_gmt":"2025-05-30T21:20:17","guid":{"rendered":"https:\/\/www.europesays.com\/de\/152482\/"},"modified":"2025-05-30T21:20:17","modified_gmt":"2025-05-30T21:20:17","slug":"europameisterschaft-in-leipzig-nach-verletzung-bei-em-turnerin-kevric-erfolgreich-operiert","status":"publish","type":"post","link":"https:\/\/www.europesays.com\/de\/152482\/","title":{"rendered":"Europameisterschaft in Leipzig: Nach Verletzung bei EM: Turnerin Kevric erfolgreich operiert"},"content":{"rendered":"<p>\t\t\t\t\t\t\t\t\t\t\t\t\t\t\t\t\t\t\t\t\t\t\t\t\t\t\t\t      \t\t            \t\t             \t\t\t\t   \t\t\t\t\t   <img decoding=\"async\" id=\"article-image\" fetchpriority=\"high\" alt=\"Europameisterschaft in Leipzig: Nach Verletzung bei EM: Turnerin Kevric erfolgreich operiert\" title=\"Europameisterschaft in Leipzig: Nach Verletzung bei EM: Turnerin Kevric erfolgreich operiert\" src=\"https:\/\/www.europesays.com\/de\/wp-content\/uploads\/2025\/05\/media.media.1b2ad3c9-da5c-438d-a2c2-3cda947163d3.16x9_700.jpg\" data-linkto=\"https:\/\/www.stuttgarter-nachrichten.de\/javascript:void(0);\"\/>\t\t\t\t\t\t\t\t\t\t\t\t\t\t\t\t\t\t\t\t\t\t\t\tHelen Kevric zog sich eine Verletzung bei der EM in Leipzig zu.\u00a0Foto: IMAGO\/Jan Huebner\/\/Kai Peters\t\t\t<\/p>\n<p>Die 17-J\u00e4hrige hatte sich in Leipzig eine Knieverletzung zugezogen. \u00dcber die nun folgende Dauer der Zwangspause wurde noch nichts bekannt.<\/p>\n<p>Die deutsche Turnerin Helen Kevric ist nach ihrer am Donnerstag erlittenen Verletzung bei der Heim-<a href=\"https:\/\/www.stuttgarter-nachrichten.de\/thema\/EM2024\" title=\"EM\" class=\"art_thema\" rel=\"nofollow noopener\" target=\"_blank\">EM<\/a> in Leipzig erfolgreich operiert worden. Dies teilte der Deutsche Turner-Bund (DTB) am Freitagabend mit. Bei der OP in Stuttgart sei \u201eder gerissene Streckapparat des Kniegelenkes wiederhergestellt und ein kleiner Knochen refixiert\u201c worden, hei\u00dft es vom Verband, schon jetzt sei die 17-J\u00e4hrige \u201eauf dem Weg der Besserung\u201c. Eine Prognose zur voraussichtlichen Dauer der nun anstehenden Trainings- und Wettkampfpause gab es vom DTB zun\u00e4chst nicht.<\/p>\n<p>Die Paris-Olympionikin hatte sich die Verletzung im Mehrkampffinale gleich am ersten Ger\u00e4t am Sprung nach der Landung zugezogen. Cheftrainer Gerben Wiersma hatte hinterher von einer \u201eKniescheibenbandverletzung\u201c gesprochen. Der Wettkampf sowie die restliche EM waren f\u00fcr Kevric damit gelaufen, sie h\u00e4tte sowohl im Mehrkampf als auch im Stufenbarrenfinale am Freitag zu den Anw\u00e4rterinnen auf das Podest geh\u00f6rt. Am Montag noch hatte Kevric mit der Mannschaft die Silbermedaille gewonnen. <\/p>\n","protected":false},"excerpt":{"rendered":"Helen Kevric zog sich eine Verletzung bei der EM in Leipzig zu.\u00a0Foto: IMAGO\/Jan Huebner\/\/Kai Peters Die 17-J\u00e4hrige hatte&hellip;\n","protected":false},"author":2,"featured_media":152483,"comment_status":"","ping_status":"","sticky":false,"template":"","format":"standard","meta":{"footnotes":""},"categories":[1832],"tags":[3364,29,54057,30,51342,71,859,7400,27381,5185],"class_list":{"0":"post-152482","1":"post","2":"type-post","3":"status-publish","4":"format-standard","5":"has-post-thumbnail","7":"category-leipzig","8":"tag-de","9":"tag-deutschland","10":"tag-em2024","11":"tag-germany","12":"tag-helen-kevric","13":"tag-leipzig","14":"tag-sachsen","15":"tag-sportmeldungen","16":"tag-turnen","17":"tag-verletzt"},"share_on_mastodon":{"url":"https:\/\/pubeurope.com\/@de\/114598879138439611","error":""},"_links":{"self":[{"href":"https:\/\/www.europesays.com\/de\/wp-json\/wp\/v2\/posts\/152482","targetHints":{"allow":["GET"]}}],"collection":[{"href":"https:\/\/www.europesays.com\/de\/wp-json\/wp\/v2\/posts"}],"about":[{"href":"https:\/\/www.europesays.com\/de\/wp-json\/wp\/v2\/types\/post"}],"author":[{"embeddable":true,"href":"https:\/\/www.europesays.com\/de\/wp-json\/wp\/v2\/users\/2"}],"replies":[{"embeddable":true,"href":"https:\/\/www.europesays.com\/de\/wp-json\/wp\/v2\/comments?post=152482"}],"version-history":[{"count":0,"href":"https:\/\/www.europesays.com\/de\/wp-json\/wp\/v2\/posts\/152482\/revisions"}],"wp:featuredmedia":[{"embeddable":true,"href":"https:\/\/www.europesays.com\/de\/wp-json\/wp\/v2\/media\/152483"}],"wp:attachment":[{"href":"https:\/\/www.europesays.com\/de\/wp-json\/wp\/v2\/media?parent=152482"}],"wp:term":[{"taxonomy":"category","embeddable":true,"href":"https:\/\/www.europesays.com\/de\/wp-json\/wp\/v2\/categories?post=152482"},{"taxonomy":"post_tag","embeddable":true,"href":"https:\/\/www.europesays.com\/de\/wp-json\/wp\/v2\/tags?post=152482"}],"curies":[{"name":"wp","href":"https:\/\/api.w.org\/{rel}","templated":true}]}}