{"id":152486,"date":"2025-05-30T21:22:17","date_gmt":"2025-05-30T21:22:17","guid":{"rendered":"https:\/\/www.europesays.com\/de\/152486\/"},"modified":"2025-05-30T21:22:17","modified_gmt":"2025-05-30T21:22:17","slug":"statistik-einkommensmillionaere-duesseldorf-deutlich-vor-koeln","status":"publish","type":"post","link":"https:\/\/www.europesays.com\/de\/152486\/","title":{"rendered":"Statistik: Einkommensmillion\u00e4re &#8211; D\u00fcsseldorf deutlich vor K\u00f6ln"},"content":{"rendered":"<p class=\"text_ohne_einzug richtext text-em-55 !leading-serif mx-6 desktop:mx-0\"> Die Steuerstatistik legt es erst mit ein paar Jahren Versp\u00e4tung offen: Immer mehr Menschen in NRW erzielen Eink\u00fcnfte \u00fcber einer Million Euro. Unter den Gro\u00dfst\u00e4dten liegt D\u00fcsseldorf auf Platz eins, mit einem deutlichen Abstand zu K\u00f6ln. Das teilte das Statistische Landesamt am Freitag in D\u00fcsseldorf mit. Es berief sich dabei auf Daten aus der Lohn- und Einkommensteuerstatistik f\u00fcr das Jahr 2021.<\/p>\n","protected":false},"excerpt":{"rendered":"Die Steuerstatistik legt es erst mit ein paar Jahren Versp\u00e4tung offen: Immer mehr Menschen in NRW erzielen Eink\u00fcnfte&hellip;\n","protected":false},"author":2,"featured_media":152487,"comment_status":"","ping_status":"","sticky":false,"template":"","format":"standard","meta":{"footnotes":""},"categories":[1831],"tags":[3364,29,3405,54059,17659,15802,30,54058,1420,1209,5422,54060,54061],"class_list":{"0":"post-152486","1":"post","2":"type-post","3":"status-publish","4":"format-standard","5":"has-post-thumbnail","7":"category-duesseldorf","8":"tag-de","9":"tag-deutschland","10":"tag-duesseldorf","11":"tag-einkommensmillionaere","12":"tag-eins","13":"tag-erzielen","14":"tag-germany","15":"tag-grossstaedten","16":"tag-koeln","17":"tag-nordrhein-westfalen","18":"tag-quote","19":"tag-rang","20":"tag-rangiert"},"share_on_mastodon":{"url":"https:\/\/pubeurope.com\/@de\/114598887021145839","error":""},"_links":{"self":[{"href":"https:\/\/www.europesays.com\/de\/wp-json\/wp\/v2\/posts\/152486","targetHints":{"allow":["GET"]}}],"collection":[{"href":"https:\/\/www.europesays.com\/de\/wp-json\/wp\/v2\/posts"}],"about":[{"href":"https:\/\/www.europesays.com\/de\/wp-json\/wp\/v2\/types\/post"}],"author":[{"embeddable":true,"href":"https:\/\/www.europesays.com\/de\/wp-json\/wp\/v2\/users\/2"}],"replies":[{"embeddable":true,"href":"https:\/\/www.europesays.com\/de\/wp-json\/wp\/v2\/comments?post=152486"}],"version-history":[{"count":0,"href":"https:\/\/www.europesays.com\/de\/wp-json\/wp\/v2\/posts\/152486\/revisions"}],"wp:featuredmedia":[{"embeddable":true,"href":"https:\/\/www.europesays.com\/de\/wp-json\/wp\/v2\/media\/152487"}],"wp:attachment":[{"href":"https:\/\/www.europesays.com\/de\/wp-json\/wp\/v2\/media?parent=152486"}],"wp:term":[{"taxonomy":"category","embeddable":true,"href":"https:\/\/www.europesays.com\/de\/wp-json\/wp\/v2\/categories?post=152486"},{"taxonomy":"post_tag","embeddable":true,"href":"https:\/\/www.europesays.com\/de\/wp-json\/wp\/v2\/tags?post=152486"}],"curies":[{"name":"wp","href":"https:\/\/api.w.org\/{rel}","templated":true}]}}