{"id":152496,"date":"2025-05-30T21:28:13","date_gmt":"2025-05-30T21:28:13","guid":{"rendered":"https:\/\/www.europesays.com\/de\/152496\/"},"modified":"2025-05-30T21:28:13","modified_gmt":"2025-05-30T21:28:13","slug":"vorfall-in-koeln-reizgas-im-fast-food-laden-vier-menschen-im-krankenhaus-2","status":"publish","type":"post","link":"https:\/\/www.europesays.com\/de\/152496\/","title":{"rendered":"Vorfall in K\u00f6ln: Reizgas im Fast-Food-Laden: Vier Menschen im Krankenhaus"},"content":{"rendered":"<p>        30. Mai 2025, 21:28 Uhr<br \/>\n    Quelle: dpa Nordrhein-Westfalen\n<\/p>\n<p>        Hinweis<\/p>\n<p class=\"article-notice__text\">ZEIT ONLINE hat diese Meldung redaktionell nicht bearbeitet. Sie wurde automatisch von der Deutschen Presse-Agentur (dpa) \u00fcbernommen.<\/p>\n<p>            <img decoding=\"async\" class=\"article__media-item\" src=\"https:\/\/www.europesays.com\/de\/wp-content\/uploads\/2025\/05\/1748640493_850_wide__660x371.jpeg\" alt=\"Vorfall in K\u00f6ln: Wegen des Vorfalls r\u00fcckten zahlreiche Einsatzfahrzeuge aus. (Symbolbild)\"\/><\/p>\n<p>                    Wegen des Vorfalls r\u00fcckten zahlreiche Einsatzfahrzeuge aus. (Symbolbild)<br \/>\n            \u00a9\u00a0Sven Hoppe\/\u200bdpa<\/p>\n<p class=\"paragraph article__item\">Gro\u00dfeinsatz in einem K\u00f6lner Schnellrestaurant: Weil mehrere Menschen \u00fcber pl\u00f6tzliche Atemwegs- und Augenreizungen klagten, sind Rettungsdienste und Feuerwehr mit rund zwei Dutzend Fahrzeugen ausger\u00fcckt. Zehn Personen wurden behandelt, vier von ihnen kamen schlie\u00dflich in Krankenh\u00e4user. Vermutet wird, dass jemand Pfefferspray eingesetzt hat.\n<\/p>\n<p>Aktuelles<\/p>\n<p>                <a href=\"https:\/\/www.zeit.de\/politik\/ausland\/2025-05\/israel-gaza-krieg-offensive-nahost\" data-ct-label=\"Gazakrieg: Israel beginnt Bodenoffensive im Gazastreifen\" target=\"_blank\" rel=\"noopener\"><\/p>\n<p>                        Gazakrieg:<br \/>\n                        Israel beginnt Bodenoffensive im Gazastreifen<\/p>\n<p>                <\/a><\/p>\n<p>                <a href=\"https:\/\/www.zeit.de\/sport\/2025-05\/bundesliga-aufstieg-1-fc-koeln-niko-kovac\" data-ct-label=\"Bundesliga-R\u00fcckschau: Karneval im Mai\" target=\"_blank\" rel=\"noopener\"><\/p>\n<p>                        Bundesliga-R\u00fcckschau:<br \/>\n                        Karneval im Mai<\/p>\n<p>                <\/a><\/p>\n<p>                <a href=\"https:\/\/www.zeit.de\/entdecken\/2025-05\/yasmin-mbarek-beige-lebensstil-wochenende-tipps-podcast\" data-ct-label=\"Podcast &quot;Und was machst du am Wochenende?&quot;: &quot;Ich hasse Leute, die im Zug arbeiten&quot;\" target=\"_blank\" rel=\"noopener\"><\/p>\n<p>                        Podcast &#8222;Und was machst du am Wochenende?&#8220;:<br \/>\n                        &#8222;Ich hasse Leute, die im Zug arbeiten&#8220;<\/p>\n<p>                <\/a><\/p>\n<p class=\"paragraph article__item\">Insgesamt r\u00fcckten 26 Fahrzeuge mit 63 Rettungskr\u00e4ften zu dem Einsatz im Stadtteil Gremberghoven aus. Die Leitstelle hatte anhand der Angaben eines Besuchers des Schnellrestaurants das Alarmstichwort \u00abChemie\u00bb ausgegeben. Das wird benutzt, wenn gef\u00e4hrliche chemische Stoffe oder Substanzen eine Bedrohung darstellen k\u00f6nnten.\n<\/p>\n<p class=\"paragraph article__item\">\u00a9 dpa-infocom, dpa:250530-930-611641\/1<\/p>\n","protected":false},"excerpt":{"rendered":"30. Mai 2025, 21:28 Uhr Quelle: dpa Nordrhein-Westfalen Hinweis ZEIT ONLINE hat diese Meldung redaktionell nicht bearbeitet. Sie&hellip;\n","protected":false},"author":2,"featured_media":152497,"comment_status":"","ping_status":"","sticky":false,"template":"","format":"standard","meta":{"footnotes":""},"categories":[1828],"tags":[29,514,30,3786,1420,15,1209,2027,18116,54063],"class_list":{"0":"post-152496","1":"post","2":"type-post","3":"status-publish","4":"format-standard","5":"has-post-thumbnail","7":"category-koeln","8":"tag-deutschland","9":"tag-fahrzeug","10":"tag-germany","11":"tag-grosseinsatz","12":"tag-koeln","13":"tag-news","14":"tag-nordrhein-westfalen","15":"tag-reizgas","16":"tag-schnellrestaurant","17":"tag-vorfall-in-koeln"},"share_on_mastodon":{"url":"https:\/\/pubeurope.com\/@de\/114598910739260652","error":""},"_links":{"self":[{"href":"https:\/\/www.europesays.com\/de\/wp-json\/wp\/v2\/posts\/152496","targetHints":{"allow":["GET"]}}],"collection":[{"href":"https:\/\/www.europesays.com\/de\/wp-json\/wp\/v2\/posts"}],"about":[{"href":"https:\/\/www.europesays.com\/de\/wp-json\/wp\/v2\/types\/post"}],"author":[{"embeddable":true,"href":"https:\/\/www.europesays.com\/de\/wp-json\/wp\/v2\/users\/2"}],"replies":[{"embeddable":true,"href":"https:\/\/www.europesays.com\/de\/wp-json\/wp\/v2\/comments?post=152496"}],"version-history":[{"count":0,"href":"https:\/\/www.europesays.com\/de\/wp-json\/wp\/v2\/posts\/152496\/revisions"}],"wp:featuredmedia":[{"embeddable":true,"href":"https:\/\/www.europesays.com\/de\/wp-json\/wp\/v2\/media\/152497"}],"wp:attachment":[{"href":"https:\/\/www.europesays.com\/de\/wp-json\/wp\/v2\/media?parent=152496"}],"wp:term":[{"taxonomy":"category","embeddable":true,"href":"https:\/\/www.europesays.com\/de\/wp-json\/wp\/v2\/categories?post=152496"},{"taxonomy":"post_tag","embeddable":true,"href":"https:\/\/www.europesays.com\/de\/wp-json\/wp\/v2\/tags?post=152496"}],"curies":[{"name":"wp","href":"https:\/\/api.w.org\/{rel}","templated":true}]}}