{"id":152506,"date":"2025-05-30T21:33:12","date_gmt":"2025-05-30T21:33:12","guid":{"rendered":"https:\/\/www.europesays.com\/de\/152506\/"},"modified":"2025-05-30T21:33:12","modified_gmt":"2025-05-30T21:33:12","slug":"brandenburg-neuer-blitzer-in-eberswalde-wenige-wochen-nach-inbetriebnahme-angezuendet","status":"publish","type":"post","link":"https:\/\/www.europesays.com\/de\/152506\/","title":{"rendered":"Brandenburg: Neuer Blitzer in Eberswalde wenige Wochen nach Inbetriebnahme angez\u00fcndet"},"content":{"rendered":"<p class=\"metatextline\">Stand: 30.05.2025 16:49 Uhr<\/p>\n<p class=\"textabsatz m-ten m-offset-one l-eight l-offset-two columns twelve\">\nEin neuer Blitzer-Anh\u00e4nger ist am Freitagmorgen in Eberswalde (Barnim) angez\u00fcndet worden. Das teilte die Polizeidirektion Ost am Nachmittag mit. Das neue Laser-Geschwindigkeitsmessger\u00e4t war erst seit drei Wochen in Probebetrieb.<br \/>\u00a0<br \/>Der mobile Messanh\u00e4nger in der Heegerm\u00fchler Stra\u00dfe stand gegen vier Uhr am Morgen pl\u00f6tzlich in Flammen. Die Feuerwehr konnte laut Angaben der Polizei den Brand schnell l\u00f6schen. Nach ersten Erkenntnissen soll der Geschwindigkeitsmesswagen von au\u00dfen entz\u00fcndet worden sein. Die Polizei stellte Beweismittel sicher und leitete ein Strafverfahren ein.<\/p>\n<p>            <img loading=\"lazy\" decoding=\"async\" class=\"ts-image\" src=\"https:\/\/www.europesays.com\/de\/wp-content\/uploads\/2025\/05\/rbb-102864664-100.jpg\" alt=\"Eine Gruppe junger M\u00e4nner feiert den Vatertag mit einem mit Bier gef\u00fcllten Bollerwagen. (Quelle: dpa\/Peter Steffen)\" title=\"102864664 | dpa\/Peter Steffen\"\/><\/p>\n<p>Betrunkene l\u00f6sen am &#8222;Herrentag&#8220; Polizeieins\u00e4tze aus<\/p>\n<p>            <a href=\"https:\/\/www.rbb24.de\/panorama\/beitrag\/2025\/05\/brandenburg-betrunkene-loesen-an-himmelfahrt-mehr-polizeieinsaet.html\" title=\"mehr\" class=\"textlink--extern\" target=\"_blank\" rel=\"noopener nofollow\">mehr<\/a><\/p>\n<p>    500 Fahrer in den ersten f\u00fcnf Tagen geblitzt<\/p>\n<p class=\"textabsatz m-ten m-offset-one l-eight l-offset-two columns twelve\">\nDer neue Laser-Blitzer im Anh\u00e4nger war von der Stadt Eberswalde gemietet worden. In den ersten f\u00fcnf Einsatztagen hatte er mehr als 500 Geschwindigkeits\u00fcberschreitungen festgestellt. Im Mietvertrag steht, dass die Verleihfirma f\u00fcr diese Trailer sofort Ersatz schaffen muss. Das solle Anfang der Woche passieren, so das Eberswalder Ordnungsamt.<br \/>\u00a0<br \/>Wer schon geblitzt worden ist, kann aber nicht hoffen, dass die Daten verschwunden sind. Sie werden n\u00e4mlich sofort nach dem Ausl\u00f6sen des Blitzers ins Internet \u00fcbertragen.<\/p>\n<p class=\"textabsatz m-ten m-offset-one l-eight l-offset-two columns twelve\">\nSendung: Antenne Brandenburg, 30.05.2025, 17:30 Uhr<\/p>\n<p>                                        <a class=\"backlink__link\" href=\"https:\/\/www.rbb24.de\/panorama\/beitrag\/2025\/05\/blitzer-anhaenger-angezuendet-eberswalde.html\" rel=\"nofollow noopener\" target=\"_blank\"><\/p>\n<p>                                                <img decoding=\"async\" src=\"https:\/\/www.europesays.com\/de\/wp-content\/uploads\/2025\/04\/1745108282_195_lra-rbb-logo-100.svg.svg+xml\" alt=\"Rundfunk Berlin-Brandenburg\"\/><\/p>\n<p>                                        <\/a><\/p>\n","protected":false},"excerpt":{"rendered":"Stand: 30.05.2025 16:49 Uhr Ein neuer Blitzer-Anh\u00e4nger ist am Freitagmorgen in Eberswalde (Barnim) angez\u00fcndet worden. Das teilte die&hellip;\n","protected":false},"author":2,"featured_media":152507,"comment_status":"","ping_status":"","sticky":false,"template":"","format":"standard","meta":{"footnotes":""},"categories":[1816],"tags":[1960,1958,1959,1957,1956,1890,29,30,2239],"class_list":{"0":"post-152506","1":"post","2":"type-post","3":"status-publish","4":"format-standard","5":"has-post-thumbnail","7":"category-brandenburg","8":"tag-aktuelle-nachrichten-aus-berlin-und-brandenburg","9":"tag-aktuelle-nachrichten-aus-brandenburg","10":"tag-aktuelle-news-aus-berlin-und-brandenburg","11":"tag-aktuelle-news-aus-brandenburg","12":"tag-berlin-und-brandenburg","13":"tag-brandenburg","14":"tag-deutschland","15":"tag-germany","16":"tag-rbb"},"share_on_mastodon":{"url":"https:\/\/pubeurope.com\/@de\/114598930449851134","error":""},"_links":{"self":[{"href":"https:\/\/www.europesays.com\/de\/wp-json\/wp\/v2\/posts\/152506","targetHints":{"allow":["GET"]}}],"collection":[{"href":"https:\/\/www.europesays.com\/de\/wp-json\/wp\/v2\/posts"}],"about":[{"href":"https:\/\/www.europesays.com\/de\/wp-json\/wp\/v2\/types\/post"}],"author":[{"embeddable":true,"href":"https:\/\/www.europesays.com\/de\/wp-json\/wp\/v2\/users\/2"}],"replies":[{"embeddable":true,"href":"https:\/\/www.europesays.com\/de\/wp-json\/wp\/v2\/comments?post=152506"}],"version-history":[{"count":0,"href":"https:\/\/www.europesays.com\/de\/wp-json\/wp\/v2\/posts\/152506\/revisions"}],"wp:featuredmedia":[{"embeddable":true,"href":"https:\/\/www.europesays.com\/de\/wp-json\/wp\/v2\/media\/152507"}],"wp:attachment":[{"href":"https:\/\/www.europesays.com\/de\/wp-json\/wp\/v2\/media?parent=152506"}],"wp:term":[{"taxonomy":"category","embeddable":true,"href":"https:\/\/www.europesays.com\/de\/wp-json\/wp\/v2\/categories?post=152506"},{"taxonomy":"post_tag","embeddable":true,"href":"https:\/\/www.europesays.com\/de\/wp-json\/wp\/v2\/tags?post=152506"}],"curies":[{"name":"wp","href":"https:\/\/api.w.org\/{rel}","templated":true}]}}