{"id":152508,"date":"2025-05-30T21:34:26","date_gmt":"2025-05-30T21:34:26","guid":{"rendered":"https:\/\/www.europesays.com\/de\/152508\/"},"modified":"2025-05-30T21:34:26","modified_gmt":"2025-05-30T21:34:26","slug":"teilnahme-an-the-world-forum","status":"publish","type":"post","link":"https:\/\/www.europesays.com\/de\/152508\/","title":{"rendered":"Teilnahme an &#8222;The World Forum&#8220;"},"content":{"rendered":"<p>Ex-US-Pr\u00e4sident und First Lady <\/p>\n<p>Bill Clinton landet in Berlin<\/p>\n<p>17.03.2025Lesedauer: 1 Min.<\/p>\n<p><a href=\"#focus-0\" class=\"transition-colors duration-200 focus-within:text-magenta block text-current relative\" data-sctrack=\"FocusGalleryImage.Reference\"><img fetchpriority=\"high\" data-testid=\"Opener.Image\" style=\"--lqipURL:url('https:\/\/images.t-online.de\/2025\/03\/l3TKg54q2dZy\/616x509:2121x1193\/fit-in\/150x0\/filters:blur(25)\/lvmh-ceo-bernard-arnault-at-donald-trump-presidential-inauguration-dc-delphine-arnault-alexandre-arnault-lvmh-ceo-bernard-arnault-helene-arnault-behind-former-president-bill-clinton-l-former-us-secretary-of-state-hillary-clinton-2-l-and-former-us-president-george-w-bush-3-l-attend-donald-trump-s-inauguration-as-the-next-president-of-the-united-states-in-the-rotunda-of-the-united-states-capitol-in-washington-dc-usa-20-january-2025-trump-who-defeated-kamala-harris-is-being-sworn-in-today-as.jpg')\"   loading=\"eager\" src=\"https:\/\/www.europesays.com\/de\/wp-content\/uploads\/2025\/05\/lvmh-ceo-bernard-arnault-at-donald-trump-presidential-inauguration-dc-delphine-arnault-alexandre-arn.jpeg\" alt=\"imago images 0796441398\" title=\"imago images 0796441398\" width=\"2121\" height=\"1193\" class=\"bg-[url:var(--lqipURL)] bg-cover bg-center flex w-full max-w-full h-full\" decoding=\"async\"\/><img style=\"--width:32;--height:32\" loading=\"lazy\" src=\"https:\/\/www.europesays.com\/de\/wp-content\/uploads\/2025\/05\/zoom-in.f7dae02f.svg.svg+xml\" alt=\"Vergr\u00f6\u00dfern des Bildes\" title=\"Vergr\u00f6\u00dfern des Bildes\" class=\"&#10;        block&#10;        h-[calc(var(--height)_\/_16_*_1rem)]&#10;        w-[calc(var(--width)_\/_16_*_1rem)]&#10;        max-w-none&#10;        absolute bottom-8 right-8 rounded-4 bg-snow p-8\" decoding=\"async\"\/><\/a><\/p>\n<p>Bill und Hillary Clinton bei der Amtseinf\u00fchrung von Donald Trump (Archivbild): (Quelle: IMAGO\/Pool\/ABACA\/imago)<\/p>\n<p class=\"font-bold text-18 leading-17\">Sie haben die demokratische Partei und die US-amerikanische Politik Jahrzehnte lang gepr\u00e4gt. Jetzt ist das Clinton-Ehepaar zu Besuch in der deutschen Hauptstadt.<\/p>\n<p class=\"text-18 leading-17\">Der fr\u00fchere US-Pr\u00e4sident Bill Clinton ist am Montag in <a class=\"transition-colors duration-200 cursor-pointer text-inherit no-underline text-salemsfur md:hover:text-magenta md:hover:border-magenta md:focus:text-magenta border-current border-b border-solid break-words\" href=\"https:\/\/www.t-online.de\/region\/berlin\/\" data-sctrack=\"BodyAnchor\" target=\"_blank\" rel=\"noopener\">Berlin<\/a> gelandet. Laut einem Bericht der &#8222;Bild&#8220;-Zeitung hat Clintons Privatflugzeug am Morgen den <a class=\"transition-colors duration-200 cursor-pointer text-inherit no-underline text-salemsfur md:hover:text-magenta md:hover:border-magenta md:focus:text-magenta border-current border-b border-solid break-words\" href=\"https:\/\/www.t-online.de\/themen\/flughafen\/\" data-sctrack=\"BodyAnchor\" target=\"_blank\" rel=\"noopener\">Flughafen<\/a> in Berlin-Sch\u00f6nefeld erreicht. Clinton sei dann im Auto in die Stadt gebracht worden. Dort soll er laut Informationen der Zeitung in einer Suite des Hotels Adlon im Zentrum Berlins unterkommen. Auch seine Frau, die ehemalige US-Au\u00dfenministerin und First Lady <a class=\"transition-colors duration-200 cursor-pointer text-inherit no-underline text-salemsfur md:hover:text-magenta md:hover:border-magenta md:focus:text-magenta border-current border-b border-solid break-words\" href=\"https:\/\/www.t-online.de\/themen\/hillary-clinton\/\" data-sctrack=\"BodyAnchor\" target=\"_blank\" rel=\"noopener\">Hillary Clinton<\/a>, soll sich demnach dieser Tage in der Hauptstadt aufhalten.<\/p>\n<p class=\"text-18 leading-17\">Die Clintons folgten einer Einladung des &#8222;The World Forum&#8220;, einer Wohlt\u00e4tigkeitsorganisation, die am Dienstag und Mittwoch in Berlin eine gleichnamige, zweit\u00e4gige Veranstaltung abh\u00e4lt. Bill Clinton soll auf dem Event eine Rede zum Thema halten, wie die Demokratie in den <a class=\"transition-colors duration-200 cursor-pointer text-inherit no-underline text-salemsfur md:hover:text-magenta md:hover:border-magenta md:focus:text-magenta border-current border-b border-solid break-words\" href=\"https:\/\/www.t-online.de\/themen\/usa\/\" data-sctrack=\"BodyAnchor\" target=\"_blank\" rel=\"noopener\">USA<\/a> und dem Rest der Welt gerettet werden kann. Seine Frau spricht zum Thema Frauen in F\u00fchrungspositionen.<\/p>\n<p class=\"text-18 leading-17\">Unter den geladenen G\u00e4sten befinden sich zudem Olena Selenska, First Lady der <a class=\"transition-colors duration-200 cursor-pointer text-inherit no-underline text-salemsfur md:hover:text-magenta md:hover:border-magenta md:focus:text-magenta border-current border-b border-solid break-words\" href=\"https:\/\/www.t-online.de\/themen\/ukraine\/\" data-sctrack=\"BodyAnchor\" target=\"_blank\" rel=\"noopener\">Ukraine<\/a>, der ehemalige israelische Premierminister Ehud Olmert sowie die russischen Oppositionellen Wladimir Kara-Mursa und Ilja Jaschin. Am Dienstagabend soll dar\u00fcber hinaus der Preis als &#8222;Friedensstifter des Jahrhunderts&#8220; vergeben werden \u2013 Bill Clinton geh\u00f6rt dabei zu den Nominierten.<\/p>\n","protected":false},"excerpt":{"rendered":"Ex-US-Pr\u00e4sident und First Lady Bill Clinton landet in Berlin 17.03.2025Lesedauer: 1 Min. Bill und Hillary Clinton bei der&hellip;\n","protected":false},"author":2,"featured_media":152509,"comment_status":"","ping_status":"","sticky":false,"template":"","format":"standard","meta":{"footnotes":""},"categories":[1825],"tags":[9239,326,1941,1939,513,296,1937,54065,9492,22714,29,106,30,54064,1940,1938],"class_list":{"0":"post-152508","1":"post","2":"type-post","3":"status-publish","4":"format-standard","5":"has-post-thumbnail","7":"category-berlin","8":"tag-9239","9":"tag-326","10":"tag-aktuelle-nachrichten-aus-berlin","11":"tag-aktuelle-news-aus-berlin","12":"tag-auto","13":"tag-berlin","14":"tag-berlin-news","15":"tag-berlin-schoenefeld","16":"tag-bild-zeitung","17":"tag-bill-clinton","18":"tag-deutschland","19":"tag-donald-trump","20":"tag-germany","21":"tag-hillary-clinton","22":"tag-nachrichten-aus-berlin","23":"tag-news-aus-berlin"},"share_on_mastodon":{"url":"https:\/\/pubeurope.com\/@de\/114598934393647438","error":""},"_links":{"self":[{"href":"https:\/\/www.europesays.com\/de\/wp-json\/wp\/v2\/posts\/152508","targetHints":{"allow":["GET"]}}],"collection":[{"href":"https:\/\/www.europesays.com\/de\/wp-json\/wp\/v2\/posts"}],"about":[{"href":"https:\/\/www.europesays.com\/de\/wp-json\/wp\/v2\/types\/post"}],"author":[{"embeddable":true,"href":"https:\/\/www.europesays.com\/de\/wp-json\/wp\/v2\/users\/2"}],"replies":[{"embeddable":true,"href":"https:\/\/www.europesays.com\/de\/wp-json\/wp\/v2\/comments?post=152508"}],"version-history":[{"count":0,"href":"https:\/\/www.europesays.com\/de\/wp-json\/wp\/v2\/posts\/152508\/revisions"}],"wp:featuredmedia":[{"embeddable":true,"href":"https:\/\/www.europesays.com\/de\/wp-json\/wp\/v2\/media\/152509"}],"wp:attachment":[{"href":"https:\/\/www.europesays.com\/de\/wp-json\/wp\/v2\/media?parent=152508"}],"wp:term":[{"taxonomy":"category","embeddable":true,"href":"https:\/\/www.europesays.com\/de\/wp-json\/wp\/v2\/categories?post=152508"},{"taxonomy":"post_tag","embeddable":true,"href":"https:\/\/www.europesays.com\/de\/wp-json\/wp\/v2\/tags?post=152508"}],"curies":[{"name":"wp","href":"https:\/\/api.w.org\/{rel}","templated":true}]}}