{"id":152512,"date":"2025-05-30T21:36:12","date_gmt":"2025-05-30T21:36:12","guid":{"rendered":"https:\/\/www.europesays.com\/de\/152512\/"},"modified":"2025-05-30T21:36:12","modified_gmt":"2025-05-30T21:36:12","slug":"bedrohung-mit-messer-und-koerperverletzungen-mit-flaschen","status":"publish","type":"post","link":"https:\/\/www.europesays.com\/de\/152512\/","title":{"rendered":"Bedrohung mit Messer und K\u00f6rperverletzungen mit Flaschen"},"content":{"rendered":"<p>\n    <strong>Nr. 1557<\/strong><br \/>In der vergangenen Nacht nahmen Einsatzkr\u00e4fte in K\u00f6penick vier M\u00e4nner fest, nachdem diese einen Mann mit einem Messer bedroht und zwei Jugendliche mit Glasflaschen verletzt haben sollen. Nach bisherigen Kenntnisstand und laut Zeugenaussagen sollen ein 27-j\u00e4hriger und ein 33-j\u00e4hriger Mann gegen 2:30 Uhr in einem Imbiss an der Mahlsdorfer Stra\u00dfe zun\u00e4chst einen 31-j\u00e4hrigen Mann mit einem Messer bedroht haben. Im weiteren Verlauf soll der 33-J\u00e4hrige zwei 17-j\u00e4hrige Jugendliche mit einer Glasflasche geschlagen haben, sodass beide Jungen am Kopf verletzt wurden. Der Tatverd\u00e4chtige und seine drei Begleiter fl\u00fcchteten. Alarmierte Rettungskr\u00e4fte brachten einen der Jugendlichen mit Verletzungen im Gesicht und am Auge in ein Krankenhaus, in dem er nach einer Notoperation station\u00e4r aufgenommen wurde. Sein Begleiter wurde ebenfalls durch Rettungskr\u00e4fte in ein weiteres Krankenhaus gebracht, in dem seine Kopfplatzwunde ambulant behandelt wurde. Im Nachgang konnten die vier<br \/>\n    M\u00e4nner auf der Oberspreestra\u00dfe Ecke Ottomar-Geschke-Stra\u00dfe als Tatverd\u00e4chtige wiedererkannt werden. Alarmierte Einsatzkr\u00e4fte nahmen die vier M\u00e4nner fest und brachten sie zur Feststellung ihrer Identit\u00e4ten und zur Durchf\u00fchrung erkennungsdienstlicher Behandlungen in ein Polizeigewahrsam. Der 33-j\u00e4hrige eingebrachte Mann hat in einer Gewahrsamszelle versucht, sich das Leben zu nehmen. Offensichtlich hatte sich der Mann versucht, sich mit seinem Pullover zu strangulieren. Rettungskr\u00e4fte eines hinzugerufenen Rettungswagens brachten ihn in ein Krankenhaus mit psychiatrischer Abteilung. Dort wurde er einem Arzt vorgestellt. Ein Staatsanwalt ordnete f\u00fcr die 27, 29 und 43 Jahre alten M\u00e4nner einer Blutentnahme an. Im Anschluss wurden sie entlassen. Die weiteren, noch andauernden Ermittlungen hat die Kriminalpolizei der Direktion 3 (Ost) \u00fcbernommen.\n  <\/p>\n","protected":false},"excerpt":{"rendered":"Nr. 1557In der vergangenen Nacht nahmen Einsatzkr\u00e4fte in K\u00f6penick vier M\u00e4nner fest, nachdem diese einen Mann mit einem&hellip;\n","protected":false},"author":2,"featured_media":2288,"comment_status":"","ping_status":"","sticky":false,"template":"","format":"standard","meta":{"footnotes":""},"categories":[1825],"tags":[296,29,30,54068,1584,54067,2331],"class_list":{"0":"post-152512","1":"post","2":"type-post","3":"status-publish","4":"format-standard","5":"has-post-thumbnail","7":"category-berlin","8":"tag-berlin","9":"tag-deutschland","10":"tag-germany","11":"tag-ii1565569","12":"tag-kriminalitaet","13":"tag-meldung-polizei-berlin-vom-30-05-2025","14":"tag-polizeimeldung"},"share_on_mastodon":{"url":"https:\/\/pubeurope.com\/@de\/114598942500580933","error":""},"_links":{"self":[{"href":"https:\/\/www.europesays.com\/de\/wp-json\/wp\/v2\/posts\/152512","targetHints":{"allow":["GET"]}}],"collection":[{"href":"https:\/\/www.europesays.com\/de\/wp-json\/wp\/v2\/posts"}],"about":[{"href":"https:\/\/www.europesays.com\/de\/wp-json\/wp\/v2\/types\/post"}],"author":[{"embeddable":true,"href":"https:\/\/www.europesays.com\/de\/wp-json\/wp\/v2\/users\/2"}],"replies":[{"embeddable":true,"href":"https:\/\/www.europesays.com\/de\/wp-json\/wp\/v2\/comments?post=152512"}],"version-history":[{"count":0,"href":"https:\/\/www.europesays.com\/de\/wp-json\/wp\/v2\/posts\/152512\/revisions"}],"wp:featuredmedia":[{"embeddable":true,"href":"https:\/\/www.europesays.com\/de\/wp-json\/wp\/v2\/media\/2288"}],"wp:attachment":[{"href":"https:\/\/www.europesays.com\/de\/wp-json\/wp\/v2\/media?parent=152512"}],"wp:term":[{"taxonomy":"category","embeddable":true,"href":"https:\/\/www.europesays.com\/de\/wp-json\/wp\/v2\/categories?post=152512"},{"taxonomy":"post_tag","embeddable":true,"href":"https:\/\/www.europesays.com\/de\/wp-json\/wp\/v2\/tags?post=152512"}],"curies":[{"name":"wp","href":"https:\/\/api.w.org\/{rel}","templated":true}]}}