{"id":152523,"date":"2025-05-30T21:43:08","date_gmt":"2025-05-30T21:43:08","guid":{"rendered":"https:\/\/www.europesays.com\/de\/152523\/"},"modified":"2025-05-30T21:43:08","modified_gmt":"2025-05-30T21:43:08","slug":"taylor-swift-kauft-rechte-an-ihren-ersten-sechs-alben-kultur","status":"publish","type":"post","link":"https:\/\/www.europesays.com\/de\/152523\/","title":{"rendered":"Taylor Swift kauft Rechte an ihren ersten sechs Alben &#8211; Kultur"},"content":{"rendered":"<p data-manual=\"paragraph\" data-schema-org-speakable=\"true\" class=\"css-1ylqqlw\">Nach jahrelangem Streit hat die US-S\u00e4ngerin <a href=\"https:\/\/www.sueddeutsche.de\/thema\/Taylor_Swift\" target=\"_blank\" rel=\"noopener\">Taylor Swift<\/a> die Rechte an ihren ersten sechs Alben von der Investment-Firma Shamrock Capital gekauft. Dazu geh\u00f6ren nach Angaben der K\u00fcnstlerin unter anderem auch Musikvideos, Konzertfilme, unver\u00f6ffentlichte Songs sowie die zu den Alben geh\u00f6renden Illustrationen und Fotos. \u201eAlle <a href=\"https:\/\/www.sueddeutsche.de\/thema\/Musik\" target=\"_blank\" rel=\"noopener\">Musik<\/a>, die ich je gemacht habe &#8230; geh\u00f6rt jetzt &#8230; mir\u201c, schrieb die 35-J\u00e4hrige auf ihrer Webseite. \u201eZu sagen, dass damit mein gr\u00f6\u00dfter Traum wahr geworden ist, dr\u00fcckt es nur zur\u00fcckhaltend aus.\u201c Zum Kaufpreis machte Swift keine Angaben.<\/p>\n<p data-manual=\"paragraph\" data-schema-org-speakable=\"true\" class=\"css-1ylqqlw\">Zu Beginn ihrer Karriere war Swift bei dem Musiklabel Big Machine unter Vertrag. Dort nahm sie ihre ersten sechs Alben auf: \u201eTaylor Swift\u201c (2006), \u201eFearless\u201c (2008), \u201eSpeak Now\u201c (2010), \u201eRed\u201c (2012), \u201e1989\u201c (2014) und \u201eReputation\u201c (2017). Die Rechte daran geh\u00f6rten\u00a0\u2013 wie \u00fcblich\u00a0\u2013 dem Label. Dieses verkaufte sie 2019 f\u00fcr mehr als 300 Millionen Dollar an eine Holding des fr\u00fcheren Musikmanagers Scooter Braun\u00a0\u2013 nach Angaben Swifts ohne R\u00fccksprache oder Zustimmung von ihr. Es folgte ein \u00f6ffentlicher Streit, den Swift auch h\u00e4ufig in ihren Songs thematisierte. 2020 verkaufte Braun die Rechte weiter an Shamrock Capital.<\/p>\n<p data-manual=\"paragraph\" data-schema-org-speakable=\"true\" class=\"css-1ylqqlw\">Um ihren Fans die M\u00f6glichkeit zu geben, sich in dem Streit auf ihre Seite zu stellen, nahm Swift einige ihrer ersten Alben noch einmal selbst auf. Die Rechte an diesen mit dem Zusatz \u201eTaylor&#8217;s Version\u201c versehenen Alben geh\u00f6ren ihr. Bislang gibt es diese Versionen von \u201eFearless\u201c, \u201eRed\u201c, \u201e1989\u201c und \u201eSpeak Now\u201c. Seit 2018 ist Swift beim Musiklabel Universal unter Vertrag und h\u00e4lt die Master-Rechte an allen seitdem dort von ihr erschienenen Alben, darunter \u201eLover\u201c (2019), \u201eFolklore\u201c (2020), \u201eEvermore\u201c (2020), \u201eMidnights\u201c (2022) und \u201eThe Tortured Poets Department\u201c (2024).<\/p>\n","protected":false},"excerpt":{"rendered":"Nach jahrelangem Streit hat die US-S\u00e4ngerin Taylor Swift die Rechte an ihren ersten sechs Alben von der Investment-Firma&hellip;\n","protected":false},"author":2,"featured_media":152524,"comment_status":"","ping_status":"","sticky":false,"template":"","format":"standard","meta":{"footnotes":""},"categories":[1772],"tags":[29,214,30,80,1779,810,1703,2045,149,6856,215],"class_list":{"0":"post-152523","1":"post","2":"type-post","3":"status-publish","4":"format-standard","5":"has-post-thumbnail","7":"category-musik","8":"tag-deutschland","9":"tag-entertainment","10":"tag-germany","11":"tag-kultur","12":"tag-music","13":"tag-musik","14":"tag-pop","15":"tag-promis","16":"tag-sueddeutsche-zeitung","17":"tag-taylor-swift","18":"tag-unterhaltung"},"share_on_mastodon":{"url":"https:\/\/pubeurope.com\/@de\/114598970007652263","error":""},"_links":{"self":[{"href":"https:\/\/www.europesays.com\/de\/wp-json\/wp\/v2\/posts\/152523","targetHints":{"allow":["GET"]}}],"collection":[{"href":"https:\/\/www.europesays.com\/de\/wp-json\/wp\/v2\/posts"}],"about":[{"href":"https:\/\/www.europesays.com\/de\/wp-json\/wp\/v2\/types\/post"}],"author":[{"embeddable":true,"href":"https:\/\/www.europesays.com\/de\/wp-json\/wp\/v2\/users\/2"}],"replies":[{"embeddable":true,"href":"https:\/\/www.europesays.com\/de\/wp-json\/wp\/v2\/comments?post=152523"}],"version-history":[{"count":0,"href":"https:\/\/www.europesays.com\/de\/wp-json\/wp\/v2\/posts\/152523\/revisions"}],"wp:featuredmedia":[{"embeddable":true,"href":"https:\/\/www.europesays.com\/de\/wp-json\/wp\/v2\/media\/152524"}],"wp:attachment":[{"href":"https:\/\/www.europesays.com\/de\/wp-json\/wp\/v2\/media?parent=152523"}],"wp:term":[{"taxonomy":"category","embeddable":true,"href":"https:\/\/www.europesays.com\/de\/wp-json\/wp\/v2\/categories?post=152523"},{"taxonomy":"post_tag","embeddable":true,"href":"https:\/\/www.europesays.com\/de\/wp-json\/wp\/v2\/tags?post=152523"}],"curies":[{"name":"wp","href":"https:\/\/api.w.org\/{rel}","templated":true}]}}