{"id":152532,"date":"2025-05-30T21:48:16","date_gmt":"2025-05-30T21:48:16","guid":{"rendered":"https:\/\/www.europesays.com\/de\/152532\/"},"modified":"2025-05-30T21:48:16","modified_gmt":"2025-05-30T21:48:16","slug":"messenger-laesst-neue-status-updates-zu","status":"publish","type":"post","link":"https:\/\/www.europesays.com\/de\/152532\/","title":{"rendered":"Messenger l\u00e4sst neue Status-Updates zu"},"content":{"rendered":"<p>Musik, Collagen und Sticker <\/p>\n<p>WhatsApp erweitert seine Statusfunktionen<\/p>\n<p>30.05.2025 &#8211; 14:45 UhrLesedauer: 2 Min.<\/p>\n<p><a href=\"#focus-0\" class=\"transition-colors duration-200 focus-within:text-magenta block text-current relative\" data-sctrack=\"FocusGalleryImage.Reference\"><img fetchpriority=\"high\" data-testid=\"Opener.Image\" style=\"--lqipURL:url('https:\/\/images.t-online.de\/2025\/05\/lyvcx77G5Fw6\/0x0:1920x1080\/fit-in\/150x0\/filters:blur(25)\/image.jpg')\"   loading=\"eager\" src=\"https:\/\/www.europesays.com\/de\/wp-content\/uploads\/2025\/05\/1748641694_209_image.jpg\" alt=\"WhatsApp-Nutzer k\u00f6nnen sich in ihrem Status kreativ austoben.\" title=\"WhatsApp-Nutzer k\u00f6nnen sich in ihrem Status kreativ austoben.\" width=\"1920\" height=\"1080\" class=\"bg-[url:var(--lqipURL)] bg-cover bg-center flex w-full max-w-full h-full\" decoding=\"async\"\/><img style=\"--width:32;--height:32\" loading=\"lazy\" src=\"https:\/\/www.europesays.com\/de\/wp-content\/uploads\/2025\/05\/zoom-in.f7dae02f.svg.svg+xml\" alt=\"Vergr\u00f6\u00dfern des Bildes\" title=\"Vergr\u00f6\u00dfern des Bildes\" class=\"&#10;        block&#10;        h-[calc(var(--height)_\/_16_*_1rem)]&#10;        w-[calc(var(--width)_\/_16_*_1rem)]&#10;        max-w-none&#10;        absolute bottom-8 right-8 rounded-4 bg-snow p-8\" decoding=\"async\"\/><\/a><\/p>\n<p>WhatsApp-Nutzer k\u00f6nnen sich in ihrem Status kreativ austoben. (Quelle: WhatsApp)<\/p>\n<p class=\"font-bold text-18 leading-17\">Neue Funktionen bei WhatsApp: Nutzer k\u00f6nnen ihre Statusmeldungen in dem Messenger demn\u00e4chst deutlich kreativer gestalten als bislang. Was sich alles \u00e4ndert.<\/p>\n<p class=\"text-18 leading-17\"><a class=\"transition-colors duration-200 cursor-pointer text-inherit no-underline text-salemsfur md:hover:text-magenta md:hover:border-magenta md:focus:text-magenta border-current border-b border-solid break-words\" href=\"https:\/\/www.t-online.de\/themen\/whatsapp\/\" data-sctrack=\"BodyAnchor\" target=\"_blank\" rel=\"noopener\">WhatsApp<\/a> bringt zahlreiche neue Optionen f\u00fcr Nutzer, die regelm\u00e4\u00dfig Status-Updates in ihrem Profil ver\u00f6ffentlichen. Wie die Entwickler des Messengers mitteilen, sollen es die neuen Funktionen erm\u00f6glichen, Musik-Posts, Fotosticker, Bildcollagen und interaktive Inhalte zu erstellen und zu teilen.<\/p>\n<p class=\"text-18 leading-17\">Was bedeutet das konkret? Mit einem neuen Bearbeitungs-Tool lassen sich k\u00fcnftig bis zu sechs Bilder zu einer Collage zusammenstellen und im Status teilen. Nutzer k\u00f6nnen die Fotos direkt in einem Editor anordnen und ver\u00f6ffentlichen.<\/p>\n<p class=\"text-18 leading-17\">Zudem lassen sich einzelne Fotos k\u00fcnftig in Sticker umwandeln, wie WhatsApp mitteilt. Diese lassen sich in beliebiger Gr\u00f6\u00dfe und Form platzieren.<\/p>\n<p class=\"text-18 leading-17\">Eine weitere Funktion mit dem Namen &#8222;Deins hinzuf\u00fcgen&#8220; erlaubt es au\u00dferdem, Freunde gezielt zur Beteiligung an einer Statusmeldung einzuladen. Wer darauf reagiert, kann seine Version im eigenen Status posten.<\/p>\n<p class=\"text-18 leading-17\">Eine weitere Neuerung ist die M\u00f6glichkeit, Statusbeitr\u00e4ge mit Musik zu untermalen. &#8222;Erstelle eine Statusmeldung rund um einen bestimmten Titel oder verwende einen Musiksticker, um den Titel zu teilen, der die Stimmung am besten beschreibt&#8220;, hei\u00dft es.<\/p>\n<p class=\"text-18 leading-17\">Die neuen Tools zur Bearbeitung von Statusbeitr\u00e4gen will WhatsApp nach und nach weltweit ver\u00f6ffentlichen. Die Funktionen kommen f\u00fcr alle Systeme \u2013 unter iOS und Android \u2013 und auch f\u00fcr das iPad, das jetzt nach langer Wartezeit eine eigene App bekommen hat, wie gestern bekannt wurde. <a class=\"transition-colors duration-200 cursor-pointer text-inherit no-underline text-salemsfur md:hover:text-magenta md:hover:border-magenta md:focus:text-magenta border-current border-b border-solid break-words\" href=\"https:\/\/www.t-online.de\/digital\/aktuelles\/id_100743480\/whatsapp-messenger-bekommt-eigene-ipad-app.html\" data-sctrack=\"BodyAnchor\" target=\"_blank\" rel=\"noopener\">Mehr dazu erfahren Sie hier.<\/a><\/p>\n<p class=\"text-18 leading-17\">Die App bringt alle Funktionen der iPhone-Version auf den gr\u00f6\u00dferen Bildschirm des Tablets. Die Anwendung ist ab sofort im App Store f\u00fcr iPadOS verf\u00fcgbar.<\/p>\n","protected":false},"excerpt":{"rendered":"Musik, Collagen und Sticker WhatsApp erweitert seine Statusfunktionen 30.05.2025 &#8211; 14:45 UhrLesedauer: 2 Min. WhatsApp-Nutzer k\u00f6nnen sich in&hellip;\n","protected":false},"author":2,"featured_media":152533,"comment_status":"","ping_status":"","sticky":false,"template":"","format":"standard","meta":{"footnotes":""},"categories":[135],"tags":[522,50157,29,30,190,189,54069,54070,194,191,672,193,192],"class_list":{"0":"post-152532","1":"post","2":"type-post","3":"status-publish","4":"format-standard","5":"has-post-thumbnail","7":"category-wissenschaft-technik","8":"tag-522","9":"tag-collage","10":"tag-deutschland","11":"tag-germany","12":"tag-science","13":"tag-science-technology","14":"tag-statusfunktion","15":"tag-statusmeldung","16":"tag-technik","17":"tag-technology","18":"tag-whatsapp","19":"tag-wissenschaft","20":"tag-wissenschaft-technik"},"share_on_mastodon":{"url":"https:\/\/pubeurope.com\/@de\/114598989419615362","error":""},"_links":{"self":[{"href":"https:\/\/www.europesays.com\/de\/wp-json\/wp\/v2\/posts\/152532","targetHints":{"allow":["GET"]}}],"collection":[{"href":"https:\/\/www.europesays.com\/de\/wp-json\/wp\/v2\/posts"}],"about":[{"href":"https:\/\/www.europesays.com\/de\/wp-json\/wp\/v2\/types\/post"}],"author":[{"embeddable":true,"href":"https:\/\/www.europesays.com\/de\/wp-json\/wp\/v2\/users\/2"}],"replies":[{"embeddable":true,"href":"https:\/\/www.europesays.com\/de\/wp-json\/wp\/v2\/comments?post=152532"}],"version-history":[{"count":0,"href":"https:\/\/www.europesays.com\/de\/wp-json\/wp\/v2\/posts\/152532\/revisions"}],"wp:featuredmedia":[{"embeddable":true,"href":"https:\/\/www.europesays.com\/de\/wp-json\/wp\/v2\/media\/152533"}],"wp:attachment":[{"href":"https:\/\/www.europesays.com\/de\/wp-json\/wp\/v2\/media?parent=152532"}],"wp:term":[{"taxonomy":"category","embeddable":true,"href":"https:\/\/www.europesays.com\/de\/wp-json\/wp\/v2\/categories?post=152532"},{"taxonomy":"post_tag","embeddable":true,"href":"https:\/\/www.europesays.com\/de\/wp-json\/wp\/v2\/tags?post=152532"}],"curies":[{"name":"wp","href":"https:\/\/api.w.org\/{rel}","templated":true}]}}