{"id":152534,"date":"2025-05-30T21:49:15","date_gmt":"2025-05-30T21:49:15","guid":{"rendered":"https:\/\/www.europesays.com\/de\/152534\/"},"modified":"2025-05-30T21:49:15","modified_gmt":"2025-05-30T21:49:15","slug":"grosser-brillen-hersteller-insolvent-100-mitarbeiter-entlassen-regional","status":"publish","type":"post","link":"https:\/\/www.europesays.com\/de\/152534\/","title":{"rendered":"Gro\u00dfer Brillen-Hersteller insolvent: 100 Mitarbeiter entlassen | Regional"},"content":{"rendered":"<p>Schw\u00e4bisch Gm\u00fcnd \u2013 <b>Jaguar, Joop, Pepe Jeans und viele weitere namhafte Labels z\u00e4hlten zu den Partnern: Doch jetzt ist der Brillen-Hersteller Menrad aus Schw\u00e4bisch Gm\u00fcnd endg\u00fcltig insolvent. Eine anfangs noch geplante Sanierung ist nicht mehr m\u00f6glich, wie BILD von der Kanzlei Pluta erfuhr. <\/b><\/p>\n<p>100 Angestellten gek\u00fcndigt<\/p>\n<p>Das traditionsreiche Familienunternehmen aus <a href=\"https:\/\/www.bild.de\/regional\/baden-wuerttemberg\/home-aK1F2gtJlD2xs4m3tWkn\" class=\"text-link\" rel=\"nofollow noopener\" target=\"_blank\">Baden-W\u00fcrttemberg<\/a> besch\u00e4ftigte allein mehr als 100 Mitarbeiter in den Bereichen Herstellung, Vermarktung und Vertrieb von Brillengestellen. Laut einer Mitteilung der Kanzlei Pluta sind 100 Angestellte infolge der <a href=\"https:\/\/www.bild.de\/themen\/specials\/insolvenz\/finanzen-nachrichten-news-fotos-videos-21175522.bild.html\" class=\"text-link\" rel=\"nofollow noopener\" target=\"_blank\">Insolvenz<\/a> ab sofort ihren Job los. <\/p>\n<p>Lediglich f\u00fcr zehn Au\u00dfendienstmitarbeiter bestehe die Option, im Rahmen einer \u00dcbernahme weiterbesch\u00e4ftigt zu werden.<\/p>\n<p><img decoding=\"async\" width=\"992\" height=\"558\" alt=\"Der Stammsitz der Firma Menrad in Schw\u00e4bisch Gm\u00fcnd\" src=\"https:\/\/www.europesays.com\/de\/wp-content\/uploads\/2025\/05\/cb369990a2dee7ca2e2c45718796ebae,54f1f486\"   class=\"landscape\" loading=\"lazy\"\/><\/p>\n<p class=\"fig__caption__text\">Der Stammsitz der Firma Menrad in Schw\u00e4bisch Gm\u00fcnd<\/p>\n<p>Foto: Menrad<\/p>\n<p>Die 1896 in Schw\u00e4bisch Gm\u00fcnd gegr\u00fcndete Firma Menrad hatte bereits Ende M\u00e4rz beim Amtsgericht Aalen <a href=\"https:\/\/www.bild.de\/regional\/baden-wuerttemberg\/grosser-brillen-hersteller-insolvent-unternehmen-mit-250-mitarbeitern-67ed099da785c777a2d87516\" class=\"text-link\" rel=\"nofollow noopener\" target=\"_blank\">die Insolvenz angemeldet<\/a>. Der Grund: \u201eEin zuk\u00fcnftig zu erwartender Liquidit\u00e4tsengpass, bedingt durch eine r\u00fcckl\u00e4ufige Auftrags- und Umsatzentwicklung aufgrund eines schwierigen Marktumfeldes\u201c, hie\u00df es.<\/p>\n<p>Bis einschlie\u00dflich Mai wurden die Geh\u00e4lter noch vom Insolvenzgeld bezahlt. Jetzt m\u00fcssten sie wieder durch den laufenden Gesch\u00e4ftsbetrieb \u00fcbernommen werden. Doch das ist nicht m\u00f6glich. <\/p>\n<p><img decoding=\"async\" width=\"992\" height=\"1178\" alt=\"Hermann und Eberhard M\u00fcller-Menrad, Inhaber &amp; Managing Directors Ferdinand Menrad GmbH &amp; Co. KG\" src=\"https:\/\/www.europesays.com\/de\/wp-content\/uploads\/2025\/05\/13fcca33603cc528d8854b20438df56a,b61155e3\"   class=\"portrait\" loading=\"lazy\"\/><\/p>\n<p class=\"fig__caption__text\">Hermann und Eberhard M\u00fcller-Menrad, Inhaber und Managing Directors des Unternehmens<\/p>\n<p>Foto: Menrad<\/p>\n<p>Insolvenz und kein Investor gefunden<\/p>\n<p>Insolvenzverwalter Florian Zistler von Pluta: \u201eDie Finanzierungsl\u00fccke ist zu gro\u00df, um den Betrieb in seiner bisherigen Form fortzuf\u00fchren. Der Gesch\u00e4ftsbetrieb ist unter Vollkosten defizit\u00e4r. Da kein Investor den gesamten <a href=\"https:\/\/www.bild.de\/themen\/organisationen\/unternehmen\/news-fotos-videos-5n9Nevv68FAFS89DJteg\" class=\"text-link\" rel=\"nofollow noopener\" target=\"_blank\">Betrieb<\/a> \u00fcbernehmen m\u00f6chte, ist die Betriebseinstellung des Standorts in Schw\u00e4bisch Gm\u00fcnd leider die einzige Option.\u201c<\/p>\n<p><img decoding=\"async\" width=\"992\" height=\"558\" alt=\"Insolvenzverwalter Florian Zistler will die Marke Menrad noch durch einen Verkauf retten\" src=\"https:\/\/www.europesays.com\/de\/wp-content\/uploads\/2025\/05\/aa5d18dec8b6577acb5e22b9a9ad3d12,70b21884\"   class=\"landscape\" loading=\"lazy\"\/><\/p>\n<p class=\"fig__caption__text\">Insolvenzverwalter Florian Zistler will die Marke Menrad noch durch einen Verkauf retten<\/p>\n<p>Foto: Pluta<\/p>\n<p>Aber: \u201eDie Gespr\u00e4che zur Marken\u00fcbernahme verlaufen positiv\u201c, erkl\u00e4rt er weiter. Hier solle ein flie\u00dfender \u00dcbergang stattfinden, was auch f\u00fcr die H\u00e4ndler positiv sei, um die Lieferung der Waren und die Ersatzteilversorgung weiter zu gew\u00e4hrleisten. <\/p>\n<p>Lesen Sie auch<\/p>\n<p>Der Standort in M\u00fcnchen (Bayern), der sich um Produktdesign und Marketing k\u00fcmmert, bleibt davon unber\u00fchrt. <\/p>\n","protected":false},"excerpt":{"rendered":"Schw\u00e4bisch Gm\u00fcnd \u2013 Jaguar, Joop, Pepe Jeans und viele weitere namhafte Labels z\u00e4hlten zu den Partnern: Doch jetzt&hellip;\n","protected":false},"author":2,"featured_media":152535,"comment_status":"","ping_status":"","sticky":false,"template":"","format":"standard","meta":{"footnotes":""},"categories":[134],"tags":[1634,3076,175,170,169,29,3078,3079,30,1551,1026,171,174,54071,1371,3075,3077,45,173,172,3080,55],"class_list":{"0":"post-152534","1":"post","2":"type-post","3":"status-publish","4":"format-standard","5":"has-post-thumbnail","7":"category-unternehmen-maerkte","8":"tag-baden-wuerttemberg","9":"tag-brillen","10":"tag-business","11":"tag-companies","12":"tag-companies-markets","13":"tag-deutschland","14":"tag-familienunternehmen","15":"tag-gehalt","16":"tag-germany","17":"tag-insolvenz","18":"tag-kuendigung","19":"tag-markets","20":"tag-maerkte","21":"tag-optiker","22":"tag-pleite","23":"tag-schwaebisch-gmuend","24":"tag-sonnenbrillen","25":"tag-texttospeech","26":"tag-unternehmen","27":"tag-unternehmen-maerkte","28":"tag-unternehmensfuehrung","29":"tag-wirtschaft"},"share_on_mastodon":{"url":"https:\/\/pubeurope.com\/@de\/114598993379447600","error":""},"_links":{"self":[{"href":"https:\/\/www.europesays.com\/de\/wp-json\/wp\/v2\/posts\/152534","targetHints":{"allow":["GET"]}}],"collection":[{"href":"https:\/\/www.europesays.com\/de\/wp-json\/wp\/v2\/posts"}],"about":[{"href":"https:\/\/www.europesays.com\/de\/wp-json\/wp\/v2\/types\/post"}],"author":[{"embeddable":true,"href":"https:\/\/www.europesays.com\/de\/wp-json\/wp\/v2\/users\/2"}],"replies":[{"embeddable":true,"href":"https:\/\/www.europesays.com\/de\/wp-json\/wp\/v2\/comments?post=152534"}],"version-history":[{"count":0,"href":"https:\/\/www.europesays.com\/de\/wp-json\/wp\/v2\/posts\/152534\/revisions"}],"wp:featuredmedia":[{"embeddable":true,"href":"https:\/\/www.europesays.com\/de\/wp-json\/wp\/v2\/media\/152535"}],"wp:attachment":[{"href":"https:\/\/www.europesays.com\/de\/wp-json\/wp\/v2\/media?parent=152534"}],"wp:term":[{"taxonomy":"category","embeddable":true,"href":"https:\/\/www.europesays.com\/de\/wp-json\/wp\/v2\/categories?post=152534"},{"taxonomy":"post_tag","embeddable":true,"href":"https:\/\/www.europesays.com\/de\/wp-json\/wp\/v2\/tags?post=152534"}],"curies":[{"name":"wp","href":"https:\/\/api.w.org\/{rel}","templated":true}]}}