{"id":152548,"date":"2025-05-30T21:56:08","date_gmt":"2025-05-30T21:56:08","guid":{"rendered":"https:\/\/www.europesays.com\/de\/152548\/"},"modified":"2025-05-30T21:56:08","modified_gmt":"2025-05-30T21:56:08","slug":"marx-traegt-kapitalisten-hut-hutfestival-in-chemnitz-gestartet","status":"publish","type":"post","link":"https:\/\/www.europesays.com\/de\/152548\/","title":{"rendered":"Marx tr\u00e4gt Kapitalisten-Hut: Hutfestival in Chemnitz gestartet"},"content":{"rendered":"<p class=\"text\">\n&#8222;Dieses Jahr wollen wir nicht nur die Welt nach Chemnitz einladen, sondern auch der Welt ein Zeichen setzen, was wir, die Chemnitzer K\u00fcnstler alles k\u00f6nnen und haben 26 Ensembles, die ihr K\u00f6nnen pr\u00e4sentieren oder ihre Lieder auch in die Welt schicken&#8220;, sagt Anne Grimm vom Veranstalter C3. Auch der Karl-Marx-Kopf tr\u00e4gt wieder seinen symbolischen Zylinderhut, nachdem er zuvor sturmbedingt abgenommen werden musste.<\/p>\n","protected":false},"excerpt":{"rendered":"&#8222;Dieses Jahr wollen wir nicht nur die Welt nach Chemnitz einladen, sondern auch der Welt ein Zeichen setzen,&hellip;\n","protected":false},"author":2,"featured_media":152549,"comment_status":"","ping_status":"","sticky":false,"template":"","format":"standard","meta":{"footnotes":""},"categories":[1851],"tags":[2770,3364,29,548,663,3934,5561,30,13,80,2075,81,14,15,859,12],"class_list":{"0":"post-152548","1":"post","2":"type-post","3":"status-publish","4":"format-standard","5":"has-post-thumbnail","7":"category-chemnitz","8":"tag-chemnitz","9":"tag-de","10":"tag-deutschland","11":"tag-eu","12":"tag-europa","13":"tag-europe","14":"tag-festival","15":"tag-germany","16":"tag-headlines","17":"tag-kultur","18":"tag-kunst","19":"tag-mdr","20":"tag-nachrichten","21":"tag-news","22":"tag-sachsen","23":"tag-schlagzeilen"},"share_on_mastodon":{"url":"https:\/\/pubeurope.com\/@de\/114599020752849975","error":""},"_links":{"self":[{"href":"https:\/\/www.europesays.com\/de\/wp-json\/wp\/v2\/posts\/152548","targetHints":{"allow":["GET"]}}],"collection":[{"href":"https:\/\/www.europesays.com\/de\/wp-json\/wp\/v2\/posts"}],"about":[{"href":"https:\/\/www.europesays.com\/de\/wp-json\/wp\/v2\/types\/post"}],"author":[{"embeddable":true,"href":"https:\/\/www.europesays.com\/de\/wp-json\/wp\/v2\/users\/2"}],"replies":[{"embeddable":true,"href":"https:\/\/www.europesays.com\/de\/wp-json\/wp\/v2\/comments?post=152548"}],"version-history":[{"count":0,"href":"https:\/\/www.europesays.com\/de\/wp-json\/wp\/v2\/posts\/152548\/revisions"}],"wp:featuredmedia":[{"embeddable":true,"href":"https:\/\/www.europesays.com\/de\/wp-json\/wp\/v2\/media\/152549"}],"wp:attachment":[{"href":"https:\/\/www.europesays.com\/de\/wp-json\/wp\/v2\/media?parent=152548"}],"wp:term":[{"taxonomy":"category","embeddable":true,"href":"https:\/\/www.europesays.com\/de\/wp-json\/wp\/v2\/categories?post=152548"},{"taxonomy":"post_tag","embeddable":true,"href":"https:\/\/www.europesays.com\/de\/wp-json\/wp\/v2\/tags?post=152548"}],"curies":[{"name":"wp","href":"https:\/\/api.w.org\/{rel}","templated":true}]}}