{"id":152553,"date":"2025-05-30T21:59:24","date_gmt":"2025-05-30T21:59:24","guid":{"rendered":"https:\/\/www.europesays.com\/de\/152553\/"},"modified":"2025-05-30T21:59:24","modified_gmt":"2025-05-30T21:59:24","slug":"gelsenkirchener-faehrt-auf-auto-auf-mehrere-verletzte","status":"publish","type":"post","link":"https:\/\/www.europesays.com\/de\/152553\/","title":{"rendered":"Gelsenkirchener f\u00e4hrt auf Auto auf \u2013 Mehrere Verletzte"},"content":{"rendered":"<p>\t\tUnfall in Herten<br \/>\n\t\t\t\t\tGelsenkirchener f\u00e4hrt auf Auto auf \u2013 Mehrere Verletzte<\/p>\n<p>\t30.05.2025 16:00 Uhr<\/p>\n<p>\t\tTeilen<\/p>\n<p>\n\tIn Merkliste \u00fcbernehmen\n<\/p>\n<p>    <a href=\"https:\/\/www.hertener-allgemeine.de\/wp-content\/uploads\/2025\/05\/30\/13\/630_0900_4753454_urn_newsml_dpa_com_20090101_250530_935_-1648x824.jpg\" target=\"_blank\" rel=\"noopener\"><\/p>\n<p>            <img decoding=\"async\" fetchpriority=\"high\" src=\"https:\/\/www.europesays.com\/de\/wp-content\/uploads\/2025\/05\/630_0900_4753453_urn_newsml_dpa_com_20090101_250530_935_-640x428.jpg\" width=\"640\" height=\"428\"  alt=\"Das Blaulicht eines Polizeifahrzeuges. Symbolbild.\"\/><\/p>\n<p>    <\/a><br \/>\n    Die Polizei musste in der Nacht zur Ewaldstra\u00dfe in Herten ausr\u00fccken. (Symbolbild) \u00a9 Daniel Vogl\/dpa<\/p>\n<p class=\"article__teaser-text\">Bei einem Auffahrunfall auf der Ewaldstra\u00dfe in Herten sind gleich mehrere Personen verletzt worden.<\/p>\n<p>1 Min Lesezeit<\/p>\n<p>Wie die Polizei mitteilt, erreichte sie gegen 3 Uhr in der Nacht der Notruf aus <a href=\"https:\/\/www.hertener-allgemeine.de\/herten\/\" data-imported=\"1\" target=\"_blank\" rel=\"noopener\">Herten<\/a>. Auf der Ewaldstra\u00dfe, auf H\u00f6he der Albert-Einstein-Allee, sollte es einen Auffahrunfall gegeben haben.<\/p>\n<p>Vor Ort stellte sich heraus, dass ein 26 Jahre alter Fahrer aus Gelsenkirchen direkt auf das Auto eines 18-j\u00e4hrigen Herteners aufgefahren war. Es gab mehrere Verletzte.<\/p>\n<p>\t\t<a href=\"https:\/\/www.hertener-allgemeine.de\/herten\/herten-polizei-blaulicht-unfall-e-scooter-roller-strassenverkehr-kollision-zu-zweit-w1034126-8000988012\/\" rel=\"nofollow noopener\" aria-hidden=\"true\" tabindex=\"-1\" target=\"_blank\"><\/p>\n<p>                <img decoding=\"async\" src=\"https:\/\/www.europesays.com\/de\/wp-content\/uploads\/2025\/05\/630_0900_4746094_urn_binary_dpa_com_20090101_250520_935_-160x160.jpg\"  width=\"160\" height=\"160\" alt=\"\" loading=\"lazy\"\/><\/p>\n<p>\t\t<\/a><\/p>\n<p>Die Insassen im Auto des Herteners (drei 18-J\u00e4hrige und zwei 17-J\u00e4hrige) wurden zum Gl\u00fcck nur leicht verletzt, der Fahrer aus Gelsenkirchen blieb unverletzt. Allerdings bemerkten die Polizeibeamten, dass er m\u00f6glicherweise alkoholisiert war. Entsprechend wurde angeordnet, dass ein Amtsarzt eine Blutprobe entnimmt. Au\u00dferdem schlecht f\u00fcr den 26-J\u00e4hrigen: Er hat keine g\u00fcltige Fahrerlaubnis. <\/p>\n<p>Der Sachschaden ist auch nicht ohne: Die Polizei sch\u00e4tzt ihn auf insgesamt 20.000 Euro ein. Das Auto des Gelsenkircheners musste abgeschleppt werden.<\/p>\n<p>Lange Zeit war die Ewaldstra\u00dfe entlang der alten Zeche eine regelrechte Rennstrecke. Erst konsequentes Durchgreifen von Ordnungsamt und Polizei sowie das Aufstellen einer Radarfalle konnten das Problem eind\u00e4mmen. F\u00fcr das letzte Jahr konnte die Polizei au\u00dferdem vermelden, dass auch die Raser- und Tuner-Szene die Zeche Ewald und damit auch die Ewaldstra\u00dfe mittlerweile nicht mehr f\u00fcr gro\u00dfe Treffen nutzt. Das hat sich <a href=\"https:\/\/www.hertener-allgemeine.de\/herten\/treffen-tuningszene-gelsenkirchen-aufgeloest-probleme-herten-raserszene-polizei-recklinghausen-w1010546-8000927203\/\" data-imported=\"1\" title=\"Treffen der Tuningszene aufgel\u00f6st: Probleme in Gelsenkirchen, Szene aus Herten verlagert\" target=\"_blank\" rel=\"noopener\">in die Nachbarstadt verlagert<\/a>, n\u00e4mlich nach Gelsenkirchen.<\/p>\n<p>\n\t<a href=\"https:\/\/www.hertener-allgemeine.de\" class=\"button button--brand button--link home-button\" target=\"_blank\" rel=\"noopener\">Zur Startseite<\/a><\/p>\n","protected":false},"excerpt":{"rendered":"Unfall in Herten Gelsenkirchener f\u00e4hrt auf Auto auf \u2013 Mehrere Verletzte 30.05.2025 16:00 Uhr Teilen In Merkliste \u00fcbernehmen&hellip;\n","protected":false},"author":2,"featured_media":152554,"comment_status":"","ping_status":"","sticky":false,"template":"","format":"standard","meta":{"footnotes":""},"categories":[1848],"tags":[1950,3364,29,548,663,3934,3658,30,13,14,15,1209,32274,12],"class_list":{"0":"post-152553","1":"post","2":"type-post","3":"status-publish","4":"format-standard","5":"has-post-thumbnail","7":"category-gelsenkirchen","8":"tag-blaulicht","9":"tag-de","10":"tag-deutschland","11":"tag-eu","12":"tag-europa","13":"tag-europe","14":"tag-gelsenkirchen","15":"tag-germany","16":"tag-headlines","17":"tag-nachrichten","18":"tag-news","19":"tag-nordrhein-westfalen","20":"tag-polizei-herten","21":"tag-schlagzeilen"},"share_on_mastodon":{"url":"https:\/\/pubeurope.com\/@de\/114599032557191221","error":""},"_links":{"self":[{"href":"https:\/\/www.europesays.com\/de\/wp-json\/wp\/v2\/posts\/152553","targetHints":{"allow":["GET"]}}],"collection":[{"href":"https:\/\/www.europesays.com\/de\/wp-json\/wp\/v2\/posts"}],"about":[{"href":"https:\/\/www.europesays.com\/de\/wp-json\/wp\/v2\/types\/post"}],"author":[{"embeddable":true,"href":"https:\/\/www.europesays.com\/de\/wp-json\/wp\/v2\/users\/2"}],"replies":[{"embeddable":true,"href":"https:\/\/www.europesays.com\/de\/wp-json\/wp\/v2\/comments?post=152553"}],"version-history":[{"count":0,"href":"https:\/\/www.europesays.com\/de\/wp-json\/wp\/v2\/posts\/152553\/revisions"}],"wp:featuredmedia":[{"embeddable":true,"href":"https:\/\/www.europesays.com\/de\/wp-json\/wp\/v2\/media\/152554"}],"wp:attachment":[{"href":"https:\/\/www.europesays.com\/de\/wp-json\/wp\/v2\/media?parent=152553"}],"wp:term":[{"taxonomy":"category","embeddable":true,"href":"https:\/\/www.europesays.com\/de\/wp-json\/wp\/v2\/categories?post=152553"},{"taxonomy":"post_tag","embeddable":true,"href":"https:\/\/www.europesays.com\/de\/wp-json\/wp\/v2\/tags?post=152553"}],"curies":[{"name":"wp","href":"https:\/\/api.w.org\/{rel}","templated":true}]}}