{"id":152570,"date":"2025-05-30T22:08:30","date_gmt":"2025-05-30T22:08:30","guid":{"rendered":"https:\/\/www.europesays.com\/de\/152570\/"},"modified":"2025-05-30T22:08:30","modified_gmt":"2025-05-30T22:08:30","slug":"vfb-gegen-arminia-bielefeld-vorwuerfe-nach-pokalfinale-politik-verspricht-aufarbeitung","status":"publish","type":"post","link":"https:\/\/www.europesays.com\/de\/152570\/","title":{"rendered":"VfB gegen Arminia Bielefeld: Vorw\u00fcrfe nach Pokalfinale \u2013 Politik verspricht Aufarbeitung"},"content":{"rendered":"<p>\t\t\t\t\t\t\t\t\t\t\t\t\t\t\t\t\t\t\t\t\t\t\t\t\t\t\t\t      \t\t            \t\t             \t\t\t\t   \t\t\t\t\t   <img decoding=\"async\" id=\"article-image\" fetchpriority=\"high\" alt=\"VfB gegen Arminia Bielefeld: Vorw\u00fcrfe nach Pokalfinale \u2013 Politik verspricht Aufarbeitung\" title=\"VfB gegen Arminia Bielefeld: Vorw\u00fcrfe nach Pokalfinale \u2013 Politik verspricht Aufarbeitung\" src=\"https:\/\/www.europesays.com\/de\/wp-content\/uploads\/2025\/05\/media.media.4eee111f-8f7b-475d-9829-0c618a084ebb.16x9_700.jpg\" data-linkto=\"https:\/\/www.stuttgarter-nachrichten.de\/javascript:void(0);\"\/>\t\t\t\t\t\t\t\t\t\t\t\t\t\t\t\t\t\t\t\t\t\t\t\tVor dem Finale kam es zu teils chaotischen Szenen.\u00a0Foto: Soeren Stache\/dpa\/Soeren Stache\t\t\t<\/p>\n<p>Tausende Bielefeld-Fans m\u00fcssen vor dem Finale dicht gedr\u00e4ngt vor dem Stadion warten. Die Lage ist prek\u00e4r. Aber es kommt nicht zu einer Katastrophe. Der DFB ist \u201ebest\u00fcrzt\u201c.<\/p>\n<p>Nach den massiven Vorw\u00fcrfen von Bielefelder Fans \u00fcber miserabel organisierte Einlasskontrollen beim <a href=\"https:\/\/www.stuttgarter-nachrichten.de\/thema\/DFB-Pokal\" title=\"DFB-Pokal\" class=\"art_thema\" target=\"_blank\" rel=\"noopener\">DFB-Pokal<\/a>finale hat die <a href=\"https:\/\/www.stuttgarter-nachrichten.de\/thema\/Berlin\" title=\"Berlin\" class=\"art_thema\" target=\"_blank\" rel=\"noopener\">Berlin<\/a>er Senatsverwaltung eine Aufarbeitung der Vorf\u00e4lle angek\u00fcndigt. Die Verantwortung f\u00fcr die m\u00f6glicherweise gef\u00e4hrlichen Ereignisse vor dem Olympiastadion vor der Partie zwischen <a href=\"https:\/\/www.stuttgarter-nachrichten.de\/thema\/Arminia_Bielefeld\" title=\"Arminia Bielefeld\" class=\"art_thema\" target=\"_blank\" rel=\"noopener\">Arminia Bielefeld<\/a> und dem <a href=\"https:\/\/www.stuttgarter-nachrichten.de\/thema\/VfB_Stuttgart\" title=\"VfB Stuttgart\" class=\"art_thema\" target=\"_blank\" rel=\"noopener\">VfB Stuttgart<\/a> (2:4) sieht die Beh\u00f6rde aber zun\u00e4chst beim Deutschen Fu\u00dfball-Bund.<\/p>\n<p>\u201eDer DFB ist als Veranstalter des DFB-Pokalfinales f\u00fcr das Sicherheitskonzept verantwortlich\u201c, hie\u00df es in einem Statement der Pressestelle der Senatsverwaltung f\u00fcr Inneres und Sport. \u201eVorhaltungen, es habe Defizite w\u00e4hrend des diesj\u00e4hrigen DFB-Pokalfinales gegeben, werden zwischen der Olympiastadion Berlin GmbH und dem DFB ausgewertet.\u201c<\/p>\n<p>Massenpanik mit Gl\u00fcck verhindert <\/p>\n<p>Zuletzt waren von vielen Arminia-Anh\u00e4ngern teilweise chaotische Zust\u00e4nde vor dem S\u00fcdtor und dem Marathontor des Olympiastadions moniert worden. Tausende Besucher h\u00e4tten stundenlang auf ihren Einlass warten m\u00fcssen und dabei dicht gedr\u00e4ngt vor den Toren gestanden, ohne der Situation entkommen zu k\u00f6nnen. Eine m\u00f6gliche Massenpanik unter den Fans sei nur durch deren Besonnenheit und mit Gl\u00fcck vermieden worden.<\/p>\n<p><img decoding=\"async\" class=\"meinvfbIcon\" src=\"https:\/\/www.europesays.com\/de\/wp-content\/uploads\/2025\/04\/media.media.0ea35dc3-cd0f-4f5f-9738-e5db772ac229.original.svg.svg+xml\"\/> <\/p>\n<p>Arminia Bielefeld hatte sich dazu auf seiner Homepage ge\u00e4u\u00dfert. \u201eDass es ausgerechnet beim bedeutendsten Spiel der Vereinsgeschichte und einem der gr\u00f6\u00dften Ereignisse im deutschen Profifu\u00dfball zu derart gravierenden Unannehmlichkeiten kam, ist f\u00fcr uns nicht nachvollziehbar und in keiner Weise akzeptabel\u201c, teilte der Zweitliga-Aufsteiger mit. Von Einlass der Stuttgarter Fans am Osttor gab es keine entsprechenden Berichte.<\/p>\n<p>DFB zeigt sich \u201ebest\u00fcrzt\u201c <\/p>\n<p>Der DFB hatte sich bereits f\u00fcr die Ereignisse entschuldigt, seine Best\u00fcrzung kundgetan und seinerseits eine Aufarbeitung angek\u00fcndigt. Das DFB-Pokalfinale findet seit 1985 immer im Berliner Olympiastadion statt. Auch in diesem Jahr war die Begegnung mit 74.036 Zuschauern ausverkauft.<\/p>\n<p>In der Mitteilung der Senatsverwaltung wurde auf die gro\u00dfe Expertise der lokalen Organisatoren verwiesen. \u201eDie Olympiastadion Berlin GmbH kann Gro\u00dfveranstaltungen organisieren und hat das in der Vergangenheit unz\u00e4hlige Male unter Beweis gestellt\u201c, hie\u00df es.<\/p>\n<p>\u201eDas Olympiastadion Berlin war w\u00e4hrend der UEFA EURO 2024 Austragungsort f\u00fcr sieben Spiele inklusive Finale und wurde im Anschluss an das Turnier von der UEFA f\u00fcr Planung und Umsetzung der Spiele als bester Veranstaltungsort der EM ausgezeichnet\u201c, teilte die Beh\u00f6rde mit.<\/p>\n","protected":false},"excerpt":{"rendered":"Vor dem Finale kam es zu teils chaotischen Szenen.\u00a0Foto: Soeren Stache\/dpa\/Soeren Stache Tausende Bielefeld-Fans m\u00fcssen vor dem Finale&hellip;\n","protected":false},"author":2,"featured_media":152571,"comment_status":"","ping_status":"","sticky":false,"template":"","format":"standard","meta":{"footnotes":""},"categories":[1841],"tags":[2368,296,1605,3364,29,1264,49199,30,1209,2915],"class_list":{"0":"post-152570","1":"post","2":"type-post","3":"status-publish","4":"format-standard","5":"has-post-thumbnail","7":"category-bielefeld","8":"tag-arminia-bielefeld","9":"tag-berlin","10":"tag-bielefeld","11":"tag-de","12":"tag-deutschland","13":"tag-dfb-pokal","14":"tag-dscvfb","15":"tag-germany","16":"tag-nordrhein-westfalen","17":"tag-vfb-stuttgart"},"share_on_mastodon":{"url":"https:\/\/pubeurope.com\/@de\/114599067952541136","error":""},"_links":{"self":[{"href":"https:\/\/www.europesays.com\/de\/wp-json\/wp\/v2\/posts\/152570","targetHints":{"allow":["GET"]}}],"collection":[{"href":"https:\/\/www.europesays.com\/de\/wp-json\/wp\/v2\/posts"}],"about":[{"href":"https:\/\/www.europesays.com\/de\/wp-json\/wp\/v2\/types\/post"}],"author":[{"embeddable":true,"href":"https:\/\/www.europesays.com\/de\/wp-json\/wp\/v2\/users\/2"}],"replies":[{"embeddable":true,"href":"https:\/\/www.europesays.com\/de\/wp-json\/wp\/v2\/comments?post=152570"}],"version-history":[{"count":0,"href":"https:\/\/www.europesays.com\/de\/wp-json\/wp\/v2\/posts\/152570\/revisions"}],"wp:featuredmedia":[{"embeddable":true,"href":"https:\/\/www.europesays.com\/de\/wp-json\/wp\/v2\/media\/152571"}],"wp:attachment":[{"href":"https:\/\/www.europesays.com\/de\/wp-json\/wp\/v2\/media?parent=152570"}],"wp:term":[{"taxonomy":"category","embeddable":true,"href":"https:\/\/www.europesays.com\/de\/wp-json\/wp\/v2\/categories?post=152570"},{"taxonomy":"post_tag","embeddable":true,"href":"https:\/\/www.europesays.com\/de\/wp-json\/wp\/v2\/tags?post=152570"}],"curies":[{"name":"wp","href":"https:\/\/api.w.org\/{rel}","templated":true}]}}