{"id":152574,"date":"2025-05-30T22:10:13","date_gmt":"2025-05-30T22:10:13","guid":{"rendered":"https:\/\/www.europesays.com\/de\/152574\/"},"modified":"2025-05-30T22:10:13","modified_gmt":"2025-05-30T22:10:13","slug":"autorin-thea-dorn-wird-dozentin","status":"publish","type":"post","link":"https:\/\/www.europesays.com\/de\/152574\/","title":{"rendered":"Autorin Thea Dorn wird Dozentin"},"content":{"rendered":"<p class=\"text_ohne_einzug richtext text-em-55 !leading-serif mx-6 desktop:mx-0\">Die bekannte Schriftstellerin, Fernsehmoderatorin, Publizistin und Philosophin Thea Dorn kommt nach Wuppertal. Sie wird im Rahmen ihrer Poetikdozentur an der Bergischen Universit\u00e4t im Juli in drei \u00f6ffentlichen Veranstaltungen zu erleben sein. Es ist die vierte Poetikdozentur, zu der die Universit\u00e4t prominente Autorinnen und Autoren einl\u00e4dt, \u00fcber das eigene Schreiben Auskunft zu geben.<\/p>\n","protected":false},"excerpt":{"rendered":"Die bekannte Schriftstellerin, Fernsehmoderatorin, Publizistin und Philosophin Thea Dorn kommt nach Wuppertal. Sie wird im Rahmen ihrer Poetikdozentur&hellip;\n","protected":false},"author":2,"featured_media":152575,"comment_status":"","ping_status":"","sticky":false,"template":"","format":"standard","meta":{"footnotes":""},"categories":[1840],"tags":[16314,54082,3364,29,54081,30,1209,38722,54083,54080,1802,40926,5162,3866,4418],"class_list":{"0":"post-152574","1":"post","2":"type-post","3":"status-publish","4":"format-standard","5":"has-post-thumbnail","7":"category-wuppertal","8":"tag-bergischen","9":"tag-christian-klein","10":"tag-de","11":"tag-deutschland","12":"tag-erzaehlen","13":"tag-germany","14":"tag-nordrhein-westfalen","15":"tag-oeffentlichen","16":"tag-poetik","17":"tag-poetikdozentur","18":"tag-prominente","19":"tag-thea-dorn","20":"tag-universitaet","21":"tag-veranstaltungen","22":"tag-wuppertal"},"share_on_mastodon":{"url":"https:\/\/pubeurope.com\/@de\/114599075767798180","error":""},"_links":{"self":[{"href":"https:\/\/www.europesays.com\/de\/wp-json\/wp\/v2\/posts\/152574","targetHints":{"allow":["GET"]}}],"collection":[{"href":"https:\/\/www.europesays.com\/de\/wp-json\/wp\/v2\/posts"}],"about":[{"href":"https:\/\/www.europesays.com\/de\/wp-json\/wp\/v2\/types\/post"}],"author":[{"embeddable":true,"href":"https:\/\/www.europesays.com\/de\/wp-json\/wp\/v2\/users\/2"}],"replies":[{"embeddable":true,"href":"https:\/\/www.europesays.com\/de\/wp-json\/wp\/v2\/comments?post=152574"}],"version-history":[{"count":0,"href":"https:\/\/www.europesays.com\/de\/wp-json\/wp\/v2\/posts\/152574\/revisions"}],"wp:featuredmedia":[{"embeddable":true,"href":"https:\/\/www.europesays.com\/de\/wp-json\/wp\/v2\/media\/152575"}],"wp:attachment":[{"href":"https:\/\/www.europesays.com\/de\/wp-json\/wp\/v2\/media?parent=152574"}],"wp:term":[{"taxonomy":"category","embeddable":true,"href":"https:\/\/www.europesays.com\/de\/wp-json\/wp\/v2\/categories?post=152574"},{"taxonomy":"post_tag","embeddable":true,"href":"https:\/\/www.europesays.com\/de\/wp-json\/wp\/v2\/tags?post=152574"}],"curies":[{"name":"wp","href":"https:\/\/api.w.org\/{rel}","templated":true}]}}