{"id":152642,"date":"2025-05-30T22:47:12","date_gmt":"2025-05-30T22:47:12","guid":{"rendered":"https:\/\/www.europesays.com\/de\/152642\/"},"modified":"2025-05-30T22:47:12","modified_gmt":"2025-05-30T22:47:12","slug":"woche-der-diakonie-gemeinsam-begegnung-und-vielfalt-in-koeln-und-der-region-ab-22-juni","status":"publish","type":"post","link":"https:\/\/www.europesays.com\/de\/152642\/","title":{"rendered":"Woche der Diakonie #gemeinsam: Begegnung und Vielfalt in K\u00f6ln und der Region ab 22. Juni"},"content":{"rendered":"<p>Unter dem Motto #gemeinsam startet die <a href=\"https:\/\/www.kirche-koeln.de\/wp-content\/uploads\/2025\/05\/Broschuere_Woche-der-Diakonie-Koeln-und-Region_99x210mm_RZ_2025-05-12_print.pdf\" rel=\"nofollow noopener\" target=\"_blank\">Woche der Diakonie<\/a> in diesem Jahr mit einem abwechslungsreichen Programm in K\u00f6ln, dem Rhein-Erft-Kreis und dem Rheinisch-Bergischen Kreis. Von Sonntag bis Sonntag, 22. bis 29. Juni, \u00f6ffnen diakonische Einrichtungen ihre T\u00fcren, laden zu Begegnungen und informieren \u00fcber ihre vielf\u00e4ltigen Angebote. Menschen aller Altersgruppen und Hintergr\u00fcnde sind willkommen, neue Kontakte zu kn\u00fcpfen, sich auszutauschen und Einblicke in die diakonische Arbeit zu gewinnen.<\/p>\n<p>Zum Auftakt am Sonntag, 22. Juni, werden Gottesdienste zur Er\u00f6ffnung der Woche der Diakonie in Weiden (9.30 Uhr in der Evangelischen Kirche Weiden\/L\u00f6venich, Aachener Stra\u00dfe 1208), Dellbr\u00fcck (10 Uhr in der Christuskirche, Dellbr\u00fccker Mauspfad 361) und Braunsfeld (11 Uhr in der Clarenbach-Kirche, Aachener Stra\u00dfe 458) gefeiert.<\/p>\n<p>Ein vielf\u00e4ltiges Angebot<\/p>\n<p>An den folgenden Tagen steht ein vielf\u00e4ltiges Angebot auf dem Programm, unter anderem mit einer Ausstellung, einem Begegnungsfest, Workshops, kreativen Angeboten sowie Informationsveranstaltungen und Treffpunkten f\u00fcr unterschiedliche Bed\u00fcrfnisse, die Raum f\u00fcr Gemeinschaft schaffen. Ein Highlight ist die Ausstellung \u201eDie Stadt aus meiner Perspektive\u201c, bei der Wohnungslose im Tersteegenhaus, Emmastra\u00dfe 6, t\u00e4glich von 8 bis 18 Uhr, ihre Stadt in Fotografien pr\u00e4sentieren.<\/p>\n<p>Auch die Begegnungen bei Kaffee und Kuchen in Chorweiler, ein M\u00e4dchentag in D\u00fcnnwald und der Tag der offenen T\u00fcr der sozialen Dienste in M\u00fclheim bieten M\u00f6glichkeiten, miteinander ins Gespr\u00e4ch zu kommen. Mit dem Netzwerktreffen \u201eFundraising\u201c in der Diakonie Michaelshoven, Pfarrer-Te-Reh-Str. 1, am Mittwoch, 25. Juni, 9.30 Uhr bis 16.30 Uhr, einem Caf\u00e9 Miteinander in Riehl im Evangelischen Gemeindehaus, Brehmstra\u00dfe 4\u20136, am Mittwoch, 25. Juni, 15 bis 17 Uhr, und einer musikalischen Lesung in der Kulturkirche Nippes, Siebachstra\u00dfe 85, am Mittwoch, 25. Juni, 20 Uhr, setzt die Woche der Diakonie auf Vielfalt und Abwechslung.<\/p>\n<p>Auch f\u00fcr Familien ist gesorgt, mit Angeboten wie dem Pustebilder-Gestalten am Donnerstag, 26. Juni, 14.30 Uhr bis 16 Uhr, in der Johanniter Kita Hilgen in Burscheid, Rosenkranz 37, oder einem Kinonachmittag in Kerpen am Samstag, 28. Juni, 15 Uhr, im Capitol Theater, K\u00f6lner Stra\u00dfe 24.<\/p>\n<p>Den Abschluss der Woche am Sonntag, 29. Juni, bilden Gottesdienste sowie der Stadionlauf \u201eevangelisch l\u00e4uft \u2013 Kirche &amp; Diakonie\u201c im RheinEnergieSTADION.<\/p>\n<p>Das vollst\u00e4ndige Programm ist auf der Website der Diakonie K\u00f6ln und Region unter <a href=\"http:\/\/www.diakonie-koeln.de\" rel=\"nofollow noopener\" target=\"_blank\">www.diakonie-koeln.de<\/a> einsehbar.<\/p>\n<p><a href=\"#\" rel=\"nofollow\" onclick=\"window.print(); return false;\" title=\"Printer Friendly, PDF &amp; Email\"><img decoding=\"async\" src=\"https:\/\/www.europesays.com\/de\/wp-content\/uploads\/2025\/04\/printfriendly-icon-lg.png\" alt=\"Print Friendly, PDF &amp; Email\" class=\"pf-button-img\" style=\"width: 25px;height: 25px;\"\/>Drucken<\/a><\/p>\n<p>Text: APK<br \/>Foto(s): Veranstalter<\/p>\n","protected":false},"excerpt":{"rendered":"Unter dem Motto #gemeinsam startet die Woche der Diakonie in diesem Jahr mit einem abwechslungsreichen Programm in K\u00f6ln,&hellip;\n","protected":false},"author":2,"featured_media":152643,"comment_status":"","ping_status":"","sticky":false,"template":"","format":"standard","meta":{"footnotes":""},"categories":[1828],"tags":[54094,54095,54096,29,54097,54098,54099,54100,54101,37180,54102,54103,54104,54105,54106,54107,54108,54109,54110,30,1420,54111,1209,54112,54113,54114,54115,54116,54117,54118,54119],"class_list":{"0":"post-152642","1":"post","2":"type-post","3":"status-publish","4":"format-standard","5":"has-post-thumbnail","7":"category-koeln","8":"tag-cafe-miteinander-koeln","9":"tag-capitol-theater-kerpen","10":"tag-clarenbach-kirche","11":"tag-deutschland","12":"tag-diakonie-ausstellung-koeln","13":"tag-diakonie-begegnungsfeste","14":"tag-diakonie-familienangebote","15":"tag-diakonie-gottesdienste","16":"tag-diakonie-koeln","17":"tag-diakonie-michaelshoven","18":"tag-diakonie-netzwerktreffen","19":"tag-diakonie-programm-2025","20":"tag-diakonie-rhein-erft-kreis","21":"tag-diakonie-rheinisch-bergischer-kreis","22":"tag-diakonie-veranstaltungen-2025","23":"tag-diakonie-workshops","24":"tag-diakonische-woche-koeln","25":"tag-evangelisch-laeuft","26":"tag-fundraising-diakonie","27":"tag-germany","28":"tag-koeln","29":"tag-kulturkirche-nippes","30":"tag-nordrhein-westfalen","31":"tag-pustebilder-gestalten","32":"tag-soziale-arbeit-koeln","33":"tag-stadionlauf-koeln","34":"tag-tersteegenhaus-ausstellung","35":"tag-veranstaltungen-diakonie-koeln","36":"tag-woche-der-diakonie","37":"tag-woche-der-diakonie-highlights","38":"tag-woche-der-diakonie-termine"},"share_on_mastodon":{"url":"","error":"Validation failed: Text character limit of 500 exceeded"},"_links":{"self":[{"href":"https:\/\/www.europesays.com\/de\/wp-json\/wp\/v2\/posts\/152642","targetHints":{"allow":["GET"]}}],"collection":[{"href":"https:\/\/www.europesays.com\/de\/wp-json\/wp\/v2\/posts"}],"about":[{"href":"https:\/\/www.europesays.com\/de\/wp-json\/wp\/v2\/types\/post"}],"author":[{"embeddable":true,"href":"https:\/\/www.europesays.com\/de\/wp-json\/wp\/v2\/users\/2"}],"replies":[{"embeddable":true,"href":"https:\/\/www.europesays.com\/de\/wp-json\/wp\/v2\/comments?post=152642"}],"version-history":[{"count":0,"href":"https:\/\/www.europesays.com\/de\/wp-json\/wp\/v2\/posts\/152642\/revisions"}],"wp:featuredmedia":[{"embeddable":true,"href":"https:\/\/www.europesays.com\/de\/wp-json\/wp\/v2\/media\/152643"}],"wp:attachment":[{"href":"https:\/\/www.europesays.com\/de\/wp-json\/wp\/v2\/media?parent=152642"}],"wp:term":[{"taxonomy":"category","embeddable":true,"href":"https:\/\/www.europesays.com\/de\/wp-json\/wp\/v2\/categories?post=152642"},{"taxonomy":"post_tag","embeddable":true,"href":"https:\/\/www.europesays.com\/de\/wp-json\/wp\/v2\/tags?post=152642"}],"curies":[{"name":"wp","href":"https:\/\/api.w.org\/{rel}","templated":true}]}}