{"id":152646,"date":"2025-05-30T22:49:16","date_gmt":"2025-05-30T22:49:16","guid":{"rendered":"https:\/\/www.europesays.com\/de\/152646\/"},"modified":"2025-05-30T22:49:16","modified_gmt":"2025-05-30T22:49:16","slug":"linkin-park-schwaermen-vor-champions-league-finale-von-der-allianz-arena","status":"publish","type":"post","link":"https:\/\/www.europesays.com\/de\/152646\/","title":{"rendered":"Linkin Park schw\u00e4rmen vor Champions-League-Finale von der Allianz Arena"},"content":{"rendered":"<p>Vorlesen<a rel=\"nofollow noopener\" target=\"_blank\" class=\"transition-colors duration-200 cursor-pointer text-inherit no-underline text-black bg-whitelilac rounded-8 grid items-center group py-[6px] px-8 text-12 hover:bg-magenta hover:text-whitelilac gap-8 grid-cols-[min-content_34px] hover:dark:text-salemsfur\" href=\"https:\/\/news.google.com\/publications\/CAAqBwgKMOO9twsw8NjOAw\" aria-label=\"Auf Google News folgen\">News folgen<\/a><img style=\"--width:16;--height:16\" loading=\"lazy\" src=\"https:\/\/www.europesays.com\/de\/wp-content\/uploads\/2025\/04\/sharing-menu-icon.1eb71368.svg.svg+xml\" alt=\"Teilen Menu auf machen\" title=\"Teilen Menu auf machen\" class=\"&#10;        block&#10;        h-[calc(var(--height)_\/_16_*_1rem)]&#10;        w-[calc(var(--width)_\/_16_*_1rem)]&#10;        max-w-none&#10;        group-hover:invert group-hover:grayscale group-hover:contrast-200 dark:group-hover:invert dark:contrast-200 dark:grayscale dark:invert\" decoding=\"async\"\/>Artikel teilen<\/p>\n<p class=\"font-bold text-18 leading-17\">Vor dem Champions-League-Finale am Samstag spielen Linkin Park in der Allianz Arena. Ein Auftritt, vor dem selbst die erfahrenen Rocker aufgeregt sind.<\/p>\n<p class=\"text-18 leading-17\">Im Finale der Champions League k\u00e4mpfen am Samstagabend (Anpfiff: 21 Uhr) Paris Saint-Germain und Inter Mailand in M\u00fcnchen um die Krone des europ\u00e4ischen Vereinsfu\u00dfballs. Doch schon bevor die beiden Mannschaften den Raser betreten, d\u00fcrfen sich die 64.500 Zuschauer in der ausverkauften Allianz Arena auf ein besonderes Spektakel freuen. <a target=\"_blank\" class=\"transition-colors duration-200 cursor-pointer text-inherit no-underline text-salemsfur md:hover:text-magenta md:hover:border-magenta md:focus:text-magenta border-current border-b border-solid break-words\" href=\"https:\/\/www.t-online.de\/region\/muenchen\/id_100682248\/muenchen-linkin-park-tritt-bei-champions-league-finale-in-allianz-arena-auf.html\" data-sctrack=\"BodyAnchor\" rel=\"nofollow noopener\">Denn bei der &#8222;Pepsi Kick-off Show&#8220; tritt niemand Geringeres als Linkin Park als Headliner auf<\/a>.<\/p>\n<p class=\"text-18 leading-17\">Die US-Rockband feierte erst im vergangenen Jahr ihr umjubeltes Comeback und kommt seitdem erstmals wieder in die bayerische Landeshauptstadt. Im Interview mit t-online erz\u00e4hlen die Bandmitglieder Mike Shinoda, Emily Armstrong und Colin Brittain, wie es sich anf\u00fchlt, wieder einmal in M\u00fcnchen zu sein, und was es f\u00fcr eine Ehre ist, beim Champions-League-Finale auftreten zu d\u00fcrfen. Au\u00dferdem verraten sie, welche bayerischen Schmankerl sie bereits probiert haben.<\/p>\n<p class=\"text-18 leading-17\"><strong class=\"font-bold\">t-online: Viele Amerikaner denken bei Deutschland an Sauerkraut und Bier. Wie ist es bei euch: Was ist das Erste, das euch einf\u00e4llt, wenn ihr an Deutschland denkt?<\/strong><\/p>\n<p class=\"text-18 leading-17\"><strong class=\"font-bold\">Emily Armstrong:<\/strong> Brezeln und Sport.<br \/><strong class=\"font-bold\">Colin Brittain:<\/strong> Honigsenf und Regenschirm. <br \/><strong class=\"font-bold\">Mike Shinoda:<\/strong> Den lieben sie, Alter. Sie lieben den Regenschirm (lacht).<\/p>\n<p class=\"text-18 leading-17\"><strong class=\"font-bold\">Dass Linkin Park das letzte Mal in M\u00fcnchen auf der B\u00fchne stand, ist schon ein paar Jahre her. <strong class=\"font-bold\">Am Samstag d\u00fcrft ihr nun die &#8222;Pepsi Kick-off Show&#8220; beim Champions-League-Finale in der Allianz Arena spielen. <\/strong>Wie ist es f\u00fcr euch, wieder hier zu sein?<\/strong><\/p>\n<p class=\"text-18 leading-17\"><strong class=\"font-bold\">Armstrong:<\/strong> F\u00fcr mich ist es das erste Mal in M\u00fcnchen.<br \/><strong class=\"font-bold\">Brittain:<\/strong> F\u00fcr mich auch. Aber es f\u00fchlt sich gro\u00dfartig an.<br \/><strong class=\"font-bold\">Shinoda:<\/strong> Obwohl ich schon oft hier war, habe ich das Gef\u00fchl, dass ich immer noch etwas \u00fcber M\u00fcnchen lerne. Es ist eine gro\u00dfe Stadt, in der es viel zu entdecken gibt.<\/p>\n<p><a href=\"#focus-1\" class=\"transition-colors duration-200 focus-within:text-magenta block text-current relative\" data-sctrack=\"FocusGalleryImage.Reference\"><img   loading=\"lazy\" src=\"https:\/\/www.europesays.com\/de\/wp-content\/uploads\/2025\/05\/joe-hahn-emily-armstrong-mike-shinoda-und-colin-brittain-v-l-fuer-linkin-park-ist-der-auftritt-beim-.png\" alt=\"Joe Hahn, Emily Armstrong, Mike Shinoda und Colin Brittain (v.l.): F\u00fcr Linkin Park ist der Auftritt beim Champions-League-Finale am Samstag der erste in M\u00fcnchen seit dem Comeback,\" title=\"Joe Hahn, Emily Armstrong, Mike Shinoda und Colin Brittain (v.l.): F\u00fcr Linkin Park ist der Auftritt beim Champions-League-Finale am Samstag der erste in M\u00fcnchen seit dem Comeback,\" width=\"1564\" height=\"880\" class=\"w-full h-full max-w-full rounded-8\" decoding=\"async\"\/><img style=\"--width:32;--height:32\" loading=\"lazy\" src=\"https:\/\/www.europesays.com\/de\/wp-content\/uploads\/2025\/05\/zoom-in.f7dae02f.svg.svg+xml\" alt=\"Vergr\u00f6\u00dfern des Bildes\" title=\"Vergr\u00f6\u00dfern des Bildes\" class=\"&#10;        block&#10;        h-[calc(var(--height)_\/_16_*_1rem)]&#10;        w-[calc(var(--width)_\/_16_*_1rem)]&#10;        max-w-none&#10;        absolute bottom-8 right-8 rounded-4 bg-snow p-8\" decoding=\"async\"\/>Joe Hahn, Emily Armstrong, Mike Shinoda und Colin Brittain (v. l.): Vor ihrem Auftritt am Samstagabend hat sich Linkin Park Zeit f\u00fcr ein Interview mit t-online genommen. (Quelle: PepsiCo)<\/a><\/p>\n<p class=\"text-18 leading-17\"><strong class=\"font-bold\">Viele Touristen schauen sich in M\u00fcnchen Sehensw\u00fcrdigkeiten wie das Hofbr\u00e4uhaus oder den Englischen Garten an. Wie sieht es bei euch aus: Habt ihr rund um euren Auftritt am Samstag auch ein wenig Zeit, die Stadt zu erkunden?<\/strong><\/p>\n<p class=\"text-18 leading-17\"><strong class=\"font-bold\">Shinoda:<\/strong> Ich denke, am Freitag werden wir am meisten Zeit haben. Bisher waren wir noch nicht viel unterwegs. Aber wir haben schon gutes Essen gefunden. Wir sind ausgegangen und haben bayerisch gegessen.<\/p>\n<p class=\"text-18 leading-17\"><strong class=\"font-bold\">Was habt ihr alles probiert?<\/strong><\/p>\n<p class=\"text-18 leading-17\"><strong class=\"font-bold\">Shinoda:<\/strong> Wir waren eine gro\u00dfe Gruppe und haben viele verschiedene Sachen bekommen: verschiedene W\u00fcrste, Wiener Schnitzel und Leberk\u00e4se. Und wir hatten normales Bier, Weizenbier und auch Wein und Desserts. Wir haben komplett durcheinander gegessen und viele verschiedene Sachen probiert.<\/p>\n<p class=\"text-18 leading-17\"><strong class=\"font-bold\">Generell gefragt: Wie gef\u00e4llt euch M\u00fcnchen und was gef\u00e4llt euch am besten?<\/strong><\/p>\n<p class=\"text-18 leading-17\"><strong class=\"font-bold\">Brittain:<\/strong> Es ist eine sch\u00f6ne Stadt, wirklich anders. Ich liebe den Fluss, der durch den Park flie\u00dft \u2013 den Eisbach. Das ist wirklich cool. Gestern habe ich einen kleinen Ausflug gemacht, bin ein bisschen herumgelaufen und habe die Surfer gesehen (<a target=\"_blank\" class=\"transition-colors duration-200 cursor-pointer text-inherit no-underline text-salemsfur md:hover:text-magenta md:hover:border-magenta md:focus:text-magenta border-current border-b border-solid break-words\" href=\"https:\/\/www.t-online.de\/region\/muenchen\/id_100740712\/muenchen-unbekannter-surft-auf-gesperrter-eisbachwelle-hohes-bussgeld.html\" data-sctrack=\"BodyAnchor\" rel=\"nofollow noopener\">eigentlich ist das Surfen auf der Eisbachwelle derzeit per Allgemeinverf\u00fcgung verboten, Anm. d. Red.<\/a>).<\/p>\n<p class=\"text-18 leading-17\"><strong class=\"font-bold\">Der Auftritt beim Champions-League-Finale ist euer zweiter in Deutschland seit eurem Comeback im vergangenen Jahr. <a target=\"_blank\" class=\"transition-colors duration-200 cursor-pointer text-inherit no-underline text-salemsfur md:hover:text-magenta md:hover:border-magenta md:focus:text-magenta border-current border-b border-solid break-words\" href=\"https:\/\/hamburg.t-online.de\/region\/hamburg\/id_100495020\/linkin-park-in-hamburg-so-lief-das-konzert-in-der-barclays-arena-.html\" data-sctrack=\"BodyAnchor\" rel=\"nofollow noopener\">Damals wart ihr in Hamburg<\/a>. Wie ist es f\u00fcr euch, in Deutschland zu spielen? Wie sind die Fans?<\/strong><\/p>\n<p class=\"text-18 leading-17\"><strong class=\"font-bold\">Armstrong:<\/strong> Die Fans in Deutschland sind gro\u00dfartig. M\u00fcnchen ist nun noch mal eine neue Stadt, in der ich noch nie gespielt habe. Ich bin sehr aufgeregt. Ich kann es kaum erwarten, in jeder Stadt in Deutschland zu spielen, wenn es m\u00f6glich ist.<\/p>\n<p><img   loading=\"lazy\" src=\"https:\/\/www.europesays.com\/de\/wp-content\/uploads\/2025\/05\/das-logo-von-linkin-park.jpg\" alt=\"Das Logo von Linkin Park.\" title=\"Das Logo von Linkin Park.\" width=\"3865\" height=\"2577\" class=\"w-full h-full max-w-full rounded-8\" decoding=\"async\"\/>Das Logo von Linkin Park. (Quelle: IMAGO\/imageBROKER\/Logo Factory)<\/p>\n<p class=\"pt-8 text-14 md:pt-8 leading-17\">Im Jahr 1996 in Kalifornien noch unter dem Namen Xero gegr\u00fcndet, gelang Linkin Park nur vier Jahre sp\u00e4ter mit ihrem Deb\u00fctalbum Hybrid Theory der internationale Durchbruch. Inzwischen z\u00e4hlt die Band mit mehr als 130 Millionen verkauften Alben und Singles zu den erfolgreichsten des 21. Jahrhunderts.<br \/>Nach dem Selbstmord von Fronts\u00e4nger Chester Bennington im Juli 2017 pausierte Linkin Park mehr als sieben Jahre. Im September des vergangenen Jahres feierte die Gruppe schlie\u00dflich ihr Comeback. Als neue S\u00e4ngerin wurde Emily Armstrong pr\u00e4sentiert, zudem stie\u00df mit Colin Brittain ein neuer Schlagzeuger hinzu. Komplettiert wird die aktuelle Besetzung von den Gr\u00fcndungsmitgliedern Mike Shinoda (Gesang\/Rap), Dave Farrell (E-Bass), Joe Hahn (DJ) und Brad Delson (Gitarre). Letzterer ist bei Liveauftritten allerdings nicht mehr mit dabei.<br \/>Das Album &#8222;From Zero&#8220;, das nur wenige Monate nach dem Comeback der Band erschien, kn\u00fcpfte an die internationalen Erfolge der Vergangenheit an und wurde unter anderem in Deutschland, \u00d6sterreich, der Schweiz und Gro\u00dfbritannien mit einer Platin-Schallplatte ausgezeichnet. Im Juni und Juli kommen Linkin Park im Rahmen ihrer Welttournee f\u00fcr f\u00fcnf Konzerte nach Hannover, Berlin, D\u00fcsseldorf und Frankfurt.<\/p>\n<p class=\"text-18 leading-17\"><strong class=\"font-bold\">Im Sommer kommt ihr f\u00fcr f\u00fcnf Konzerte nach Deutschland. Diese waren alle sofort ausverkauft. Wie gro\u00df ist die Vorfreude? H\u00e4ttet ihr mit einem solchen Hype gerechnet?<\/strong><\/p>\n<p class=\"text-18 leading-17\"><strong class=\"font-bold\">Armstrong:<\/strong> Man hat mir meine ganze Karriere lang gesagt, ich solle immer mal nach Deutschland gehen. Dass die Deutschen Rock &#8217;n&#8216; Roll lieben. In anderen Bands war das immer eine gro\u00dfe Sache. Das jetzt zu sehen und zu erleben, auf den gr\u00f6\u00dften B\u00fchnen \u2013 ich muss sagen, es stimmt schon, was man mir gesagt hat. Komplett darauf vorbereiten kann man sich aber trotzdem nicht. Es ist einzigartig.<\/p>\n","protected":false},"excerpt":{"rendered":"VorlesenNews folgenArtikel teilen Vor dem Champions-League-Finale am Samstag spielen Linkin Park in der Allianz Arena. Ein Auftritt, vor&hellip;\n","protected":false},"author":2,"featured_media":152647,"comment_status":"","ping_status":"","sticky":false,"template":"","format":"standard","meta":{"footnotes":""},"categories":[1827],"tags":[2721,772,468,2531,50912,50913,29,3328,30,3331,3332,1268],"class_list":{"0":"post-152646","1":"post","2":"type-post","3":"status-publish","4":"format-standard","5":"has-post-thumbnail","7":"category-muenchen","8":"tag-allianz-arena","9":"tag-bayern","10":"tag-champions-league","11":"tag-champions-league-finale","12":"tag-colin-brittain","13":"tag-dave-farrell","14":"tag-deutschland","15":"tag-emily-armstrong","16":"tag-germany","17":"tag-linkin-park","18":"tag-mike-shinoda","19":"tag-muenchen"},"share_on_mastodon":{"url":"https:\/\/pubeurope.com\/@de\/114599229406104327","error":""},"_links":{"self":[{"href":"https:\/\/www.europesays.com\/de\/wp-json\/wp\/v2\/posts\/152646","targetHints":{"allow":["GET"]}}],"collection":[{"href":"https:\/\/www.europesays.com\/de\/wp-json\/wp\/v2\/posts"}],"about":[{"href":"https:\/\/www.europesays.com\/de\/wp-json\/wp\/v2\/types\/post"}],"author":[{"embeddable":true,"href":"https:\/\/www.europesays.com\/de\/wp-json\/wp\/v2\/users\/2"}],"replies":[{"embeddable":true,"href":"https:\/\/www.europesays.com\/de\/wp-json\/wp\/v2\/comments?post=152646"}],"version-history":[{"count":0,"href":"https:\/\/www.europesays.com\/de\/wp-json\/wp\/v2\/posts\/152646\/revisions"}],"wp:featuredmedia":[{"embeddable":true,"href":"https:\/\/www.europesays.com\/de\/wp-json\/wp\/v2\/media\/152647"}],"wp:attachment":[{"href":"https:\/\/www.europesays.com\/de\/wp-json\/wp\/v2\/media?parent=152646"}],"wp:term":[{"taxonomy":"category","embeddable":true,"href":"https:\/\/www.europesays.com\/de\/wp-json\/wp\/v2\/categories?post=152646"},{"taxonomy":"post_tag","embeddable":true,"href":"https:\/\/www.europesays.com\/de\/wp-json\/wp\/v2\/tags?post=152646"}],"curies":[{"name":"wp","href":"https:\/\/api.w.org\/{rel}","templated":true}]}}