{"id":152648,"date":"2025-05-30T22:50:12","date_gmt":"2025-05-30T22:50:12","guid":{"rendered":"https:\/\/www.europesays.com\/de\/152648\/"},"modified":"2025-05-30T22:50:12","modified_gmt":"2025-05-30T22:50:12","slug":"champions-league-kroent-sich-inter-keeper-sommer-im-muenchen-finale-zum-riesen-sport","status":"publish","type":"post","link":"https:\/\/www.europesays.com\/de\/152648\/","title":{"rendered":"Champions League: Kr\u00f6nt sich Inter-Keeper Sommer im M\u00fcnchen-Finale zum Riesen? | Sport"},"content":{"rendered":"<p><b>Am heutigen Samstagabend kann Yann Sommer (36) zeigen, dass er ein ganz Gro\u00dfer ist! <\/b><\/p>\n<p>Der Inter-Keeper sorgte im Sensations-Halbfinale gegen Barcelona (3:3, 4:3 n.V.) mit seinen Mega-Paraden f\u00fcr den Einzug ins <a href=\"https:\/\/www.bild.de\/sport\/fussball\/champions-league\/home-15770784.bild.html\" class=\"text-link\" target=\"_blank\" rel=\"noopener\">Champions-League<\/a>-Endspiel in M\u00fcnchen. <\/p>\n<p>Der Ex-Bayer Robert Lewandowski (36) sagt nach der Pleite mit Bar\u00e7a zu BILD: \u201eInter steht vor allem deshalb im Finale, weil Yann Sommer im Halbfinale so \u00fcberragend war. Im R\u00fcckspiel hat er ohne Frage das Spiel seines Lebens gemacht!\u201c<\/p>\n<p><b>Im Finale (21 Uhr\/ZDF, DAZN und Live-Ticker bei BILD.de) gegen das 924-Millionen-Team von Paris Saint-Germain ruhen die Hoffnungen der Mail\u00e4nder wieder auf dem Ex-<\/b><a href=\"https:\/\/www.bild.de\/sport\/fussball\/bayern-muenchen\/startseite-fc-bayern-muenchen-31074450.bild.html\" class=\"text-link\" target=\"_blank\" rel=\"noopener\"><b>Bayern<\/b><\/a><b>-Torwart.<\/b><\/p>\n<p>Reit-Turnier mit Frau Lisa: Welcher Ex-Trainer M\u00fcller zum Pferd brachte<a href=\"https:\/\/www.bild.de\/sport\/fussball\/reit-turnier-mit-frau-lisa-welcher-ex-trainer-mueller-zum-pferd-brachte-683966a75f7a8d25a5be83d0\" class=\"anchor\" target=\"_blank\" rel=\"noopener\"><img decoding=\"async\" width=\"992\" height=\"558\" alt=\"Teaser-Bild\" src=\"https:\/\/www.europesays.com\/de\/wp-content\/uploads\/2025\/05\/a0409abd5bff30e0c683463de770831a,d4c01f6d\"   class=\"landscape teaser__image\" loading=\"lazy\"\/><\/a><\/p>\n<p>Quelle: BILD30.05.2025<\/p>\n<p>In M\u00fcnchen kann sich Sommer zum Riesen kr\u00f6nen<\/p>\n<p><b>An alter Wirkungsst\u00e4tte kann sich Sommer zum Riesen kr\u00f6nen! Pikant: In seinen sieben Monaten beim FC Bayern gab es st\u00e4ndig Diskussionen um seine Gr\u00f6\u00dfe (1,83 m). <\/b><\/p>\n<p>Als Ersatz f\u00fcr den damals schwer verletzten Kapit\u00e4n Manuel Neuer (39\/Schien- und Wadenbeinbruch bei einem Skiunfall im Dezember 2022) machte Sommer 25 Pflichtspiele von Januar bis August 2023 \u2013 dabei galt er immer als etwas zu klein (zum Vergleich Neuer: 1,93 m). <\/p>\n<p><img decoding=\"async\" width=\"992\" height=\"558\" alt=\"Yann Sommer (r.) kurz vor seinem Inter-Wechsel noch im Trikot des FC Bayern neben Manuel Neuer und Sven Ulreich (l.)\" src=\"https:\/\/www.europesays.com\/de\/wp-content\/uploads\/2025\/05\/12ee417871073c7e67936524f00ab4fa,6e570b03\"   class=\"landscape\" loading=\"lazy\"\/><\/p>\n<p class=\"fig__caption__text\">Yann Sommer (r.) kurz vor seinem Inter-Wechsel noch im Trikot des FC Bayern neben Manuel Neuer und Sven Ulreich (l.)<\/p>\n<p>Foto: CHRISTOF STACHE\/AFP<\/p>\n<p><b>Der Schweizer Nationaltorh\u00fcter (94 L\u00e4nderspiele) bekam von einigen in M\u00fcnchen sogar den wenig schmeichelhaften Spitznamen \u201eBonsai-Keeper\u201c, weil er angeblich zu klein gewachsen sei f\u00fcr ganz gro\u00dfe Leistungen.<\/b><\/p>\n<p>Zwei Jahre sp\u00e4ter wird er f\u00fcr seine Riesen-Paraden gefeiert. Bei Inter blieb er in der H\u00e4lfte seiner Eins\u00e4tze ohne Gegentor (46-mal in 91 Spielen) \u2013 ein Wahnsinns-Wert. In M\u00fcnchen gelang ihm das nur in jeder dritten Partie.<\/p>\n<p><img decoding=\"async\" width=\"992\" height=\"1178\" alt=\"Yann Sommer am Freitag bei der Ankunft von Inter Mailand in M\u00fcnchen\" src=\"https:\/\/www.europesays.com\/de\/wp-content\/uploads\/2025\/05\/374b982ed52181e0d9b0e4d607660a71,17542e64\"   class=\"portrait\" loading=\"lazy\"\/><\/p>\n<p class=\"fig__caption__text\">Yann Sommer am Freitag bei der Ankunft von Inter Mailand in M\u00fcnchen<\/p>\n<p>Foto: UEFA via Getty Images<\/p>\n<p><b>Der Titel in der K\u00f6nigsklasse w\u00e4re die sp\u00e4te Kr\u00f6nung seiner Karriere \u2013 ausgerechnet in der Allianz Arena! <\/b><\/p>\n<p>Bei Bayern fl\u00fcchtete Sommer am Ende nicht nur wegen der fehlenden Stammplatz-Perspektive nach Neuers Comeback, sondern auch vor Ex-Coach Thomas Tuchel (51\/jetzt englischer Nationaltrainer) \u2013 <a href=\"https:\/\/www.bild.de\/sport\/fussball\/fc-bayern-karl-heinz-rummenigge-ueber-yann-sommer-und-die-flucht-vor-ex-trainer-tuchel-683827145f7a8d25a5be765d\" class=\"text-link\" target=\"_blank\" rel=\"noopener\">das verriet Karl-Heinz Rummenigge (69) am Donnerstag<\/a>.<\/p>\n<p>Lesen Sie auch<\/p>\n<p>Der Ex-Vorstands-Chef (2002 bis 2021) zur \u201eDeutschen Presse-Agentur\u201c: \u201eEr ist damals ein St\u00fcck weit vor unserem damaligen Trainer gefl\u00fcchtet \u2013 umso bemerkenswerter ist, wie stark und konstant er jetzt bei Inter Mailand performt. Das zeigt seine Qualit\u00e4t, gerade im fortgeschrittenen Fu\u00dfballer-Alter.\u201c<\/p>\n<p><b>Sommer bat im August 2023 um die Freigabe und ging f\u00fcr 7 Mio. Euro Abl\u00f6se zu Inter. Zeitgleich wechselte auch Weltmeister Benjamin Pavard (29) mit ihm zum Serie-A-Klub. Der Franzose k\u00f6pfte die Bayern im Viertelfinale (1:2, 2:2) raus. <\/b><\/p>\n","protected":false},"excerpt":{"rendered":"Am heutigen Samstagabend kann Yann Sommer (36) zeigen, dass er ein ganz Gro\u00dfer ist! Der Inter-Keeper sorgte im&hellip;\n","protected":false},"author":2,"featured_media":152649,"comment_status":"","ping_status":"","sticky":false,"template":"","format":"standard","meta":{"footnotes":""},"categories":[1827],"tags":[2721,772,468,29,458,347,30,9007,1268,18552,23613,54121,24070,54120,1470,45,1261],"class_list":{"0":"post-152648","1":"post","2":"type-post","3":"status-publish","4":"format-standard","5":"has-post-thumbnail","7":"category-muenchen","8":"tag-allianz-arena","9":"tag-bayern","10":"tag-champions-league","11":"tag-deutschland","12":"tag-fc-bayern-muenchen","13":"tag-fussball","14":"tag-germany","15":"tag-inter-mailand","16":"tag-muenchen","17":"tag-neuer-manuel","18":"tag-paris-saint-germain","19":"tag-pavard-benjamin","20":"tag-rummenigge-karl-heinz","21":"tag-sommer-yann","22":"tag-sport-leuchtturm-muenchen","23":"tag-texttospeech","24":"tag-toralarm-top-news"},"share_on_mastodon":{"url":"https:\/\/pubeurope.com\/@de\/114599233174242231","error":""},"_links":{"self":[{"href":"https:\/\/www.europesays.com\/de\/wp-json\/wp\/v2\/posts\/152648","targetHints":{"allow":["GET"]}}],"collection":[{"href":"https:\/\/www.europesays.com\/de\/wp-json\/wp\/v2\/posts"}],"about":[{"href":"https:\/\/www.europesays.com\/de\/wp-json\/wp\/v2\/types\/post"}],"author":[{"embeddable":true,"href":"https:\/\/www.europesays.com\/de\/wp-json\/wp\/v2\/users\/2"}],"replies":[{"embeddable":true,"href":"https:\/\/www.europesays.com\/de\/wp-json\/wp\/v2\/comments?post=152648"}],"version-history":[{"count":0,"href":"https:\/\/www.europesays.com\/de\/wp-json\/wp\/v2\/posts\/152648\/revisions"}],"wp:featuredmedia":[{"embeddable":true,"href":"https:\/\/www.europesays.com\/de\/wp-json\/wp\/v2\/media\/152649"}],"wp:attachment":[{"href":"https:\/\/www.europesays.com\/de\/wp-json\/wp\/v2\/media?parent=152648"}],"wp:term":[{"taxonomy":"category","embeddable":true,"href":"https:\/\/www.europesays.com\/de\/wp-json\/wp\/v2\/categories?post=152648"},{"taxonomy":"post_tag","embeddable":true,"href":"https:\/\/www.europesays.com\/de\/wp-json\/wp\/v2\/tags?post=152648"}],"curies":[{"name":"wp","href":"https:\/\/api.w.org\/{rel}","templated":true}]}}