{"id":152664,"date":"2025-05-30T22:58:10","date_gmt":"2025-05-30T22:58:10","guid":{"rendered":"https:\/\/www.europesays.com\/de\/152664\/"},"modified":"2025-05-30T22:58:10","modified_gmt":"2025-05-30T22:58:10","slug":"berlin-mehr-straftaten-gegen-bahnmitarbeiter-und-bundespolizei","status":"publish","type":"post","link":"https:\/\/www.europesays.com\/de\/152664\/","title":{"rendered":"Berlin | Mehr Straftaten gegen Bahnmitarbeiter und Bundespolizei"},"content":{"rendered":"<p class=\"bodytext\">Berlin (dpa) &#8211; Mitarbeiter der Deutschen Bahn und Bundespolizisten sind im vergangenen Jahr h\u00e4ufiger Opfer von Straftaten geworden als in den Vorjahren. In den ersten Monaten 2025 deutet sich eine weiter steigende Tendenz an, wie aus einer Antwort des Bundesinnenministeriums auf eine schriftliche Frage des Linken-Abgeordneten Dietmar Bartsch hervorgeht. \u00dcber die Auswertung berichtet das Redaktionsnetzwerk Deutschland (RND), auch der Deutschen Presse-Agentur liegen die Zahlen vor.\u00a0<\/p>\n<p>Demnach erstatteten im vergangenen Jahr 3.151 Mitarbeiterinnen und Mitarbeiter der Deutschen Bahn und externer Dienstleister Anzeige wegen K\u00f6rperverletzung oder Bedrohungen. 2022 und 2023 lag die Zahl bei rund 2.800 beziehungsweise 2.750.\u00a0<\/p>\n<p>Basis der Zahlen ist die sogenannte Polizeiliche Eingangsstatistik. Das hei\u00dft, Taten werden dann erfasst, wenn sie der Polizei bekanntwerden &#8211; es gibt also eine Dunkelziffer. F\u00fcr das Jahr 2024 ist allerdings zu beachten, dass wegen der Fu\u00dfball-Europameisterschaft im vergangenen Sommer einige Wochen lang besonders viele Menschen mit der Bahn unterwegs waren.<\/p>\n<p>Mehr Straftaten gegen Polizistinnen und Polizisten<\/p>\n<p>Die Zahl der Opfer unter Bundespolizistinnen und -polizisten, die in der Polizeilichen Eingangsstatistik gez\u00e4hlt wurden, lag im vergangenen Jahr bei 10.726 &#8211; im Vergleich zu 9.641 (2023) und 8.125 (2022). In den ersten vier Monaten dieses Jahres deutet sich mit 3.879 Betroffenen eine steigende Tendenz an. Gez\u00e4hlt werden Bundespolizisten, die Opfer von Bedrohungen und t\u00e4tlichen Angriffen geworden sind. Auch Widerstand gegen die Beamten geht in die Statistik ein.<\/p>\n<p>Bartsch sagte dem RND, es deute sich in den ersten Monaten dieses Jahres ein weiterer trauriger Rekord an. \u00abLeider begreifen immer mehr Menschen Bahnmitarbeiter und Polizisten als Pr\u00fcgelknaben der Nation. Diese Enthemmung ist inakzeptabel und stellt den Zust\u00e4nden in unserem Land ein mieses Zeugnis aus.\u00bb Bundesinnenminister Alexander Dobrindt (CSU) solle vor der Sommerpause einen Plan vorlegen, wie er die Zahl der Straftaten reduzieren wolle.<\/p>\n","protected":false},"excerpt":{"rendered":"Berlin (dpa) &#8211; Mitarbeiter der Deutschen Bahn und Bundespolizisten sind im vergangenen Jahr h\u00e4ufiger Opfer von Straftaten geworden&hellip;\n","protected":false},"author":2,"featured_media":152665,"comment_status":"","ping_status":"","sticky":false,"template":"","format":"standard","meta":{"footnotes":""},"categories":[1825],"tags":[1739,296,29,30,2279,924,601],"class_list":{"0":"post-152664","1":"post","2":"type-post","3":"status-publish","4":"format-standard","5":"has-post-thumbnail","7":"category-berlin","8":"tag-bahn","9":"tag-berlin","10":"tag-deutschland","11":"tag-germany","12":"tag-kriminalitat","13":"tag-statistik","14":"tag-verkehr"},"share_on_mastodon":{"url":"https:\/\/pubeurope.com\/@de\/114599265018004412","error":""},"_links":{"self":[{"href":"https:\/\/www.europesays.com\/de\/wp-json\/wp\/v2\/posts\/152664","targetHints":{"allow":["GET"]}}],"collection":[{"href":"https:\/\/www.europesays.com\/de\/wp-json\/wp\/v2\/posts"}],"about":[{"href":"https:\/\/www.europesays.com\/de\/wp-json\/wp\/v2\/types\/post"}],"author":[{"embeddable":true,"href":"https:\/\/www.europesays.com\/de\/wp-json\/wp\/v2\/users\/2"}],"replies":[{"embeddable":true,"href":"https:\/\/www.europesays.com\/de\/wp-json\/wp\/v2\/comments?post=152664"}],"version-history":[{"count":0,"href":"https:\/\/www.europesays.com\/de\/wp-json\/wp\/v2\/posts\/152664\/revisions"}],"wp:featuredmedia":[{"embeddable":true,"href":"https:\/\/www.europesays.com\/de\/wp-json\/wp\/v2\/media\/152665"}],"wp:attachment":[{"href":"https:\/\/www.europesays.com\/de\/wp-json\/wp\/v2\/media?parent=152664"}],"wp:term":[{"taxonomy":"category","embeddable":true,"href":"https:\/\/www.europesays.com\/de\/wp-json\/wp\/v2\/categories?post=152664"},{"taxonomy":"post_tag","embeddable":true,"href":"https:\/\/www.europesays.com\/de\/wp-json\/wp\/v2\/tags?post=152664"}],"curies":[{"name":"wp","href":"https:\/\/api.w.org\/{rel}","templated":true}]}}