{"id":152666,"date":"2025-05-30T22:59:10","date_gmt":"2025-05-30T22:59:10","guid":{"rendered":"https:\/\/www.europesays.com\/de\/152666\/"},"modified":"2025-05-30T22:59:10","modified_gmt":"2025-05-30T22:59:10","slug":"sportstar-verunglueckt-und-zeigt-dramatisches-foto-aus-dem-krankenhaus","status":"publish","type":"post","link":"https:\/\/www.europesays.com\/de\/152666\/","title":{"rendered":"Sportstar verungl\u00fcckt und zeigt dramatisches Foto aus dem Krankenhaus"},"content":{"rendered":"<ol class=\"id-DonaldBreadcrumb lp_west_breadcrumb id-DonaldBreadcrumb--default\" data-k5a-pos=\"west_breadcrumb\">\n<li class=\"id-Breadcrumb-item\"><a href=\"https:\/\/www.fr.de\/\" class=\"id-Breadcrumb-link\" data-id-ec=\"{\" shn=\"\" textlink=\"\" data-k5a-pos=\"1_startseite\" rel=\"nofollow noopener\" target=\"_blank\">Startseite<\/a><\/li>\n<li class=\"id-Breadcrumb-item\"><a href=\"https:\/\/www.fr.de\/sport\/\" class=\"id-Breadcrumb-link\" data-id-ec=\"{\" shn=\"\" textlink=\"\" data-k5a-pos=\"2_sport\" rel=\"nofollow noopener\" target=\"_blank\">Sport<\/a><\/li>\n<li class=\"id-Breadcrumb-item\"><a href=\"https:\/\/www.fr.de\/sport\/sport-mix\/\" class=\"id-Breadcrumb-link\" data-id-ec=\"{\" shn=\"\" textlink=\"\" a-z=\"\" data-k5a-pos=\"3_sportAZ\" rel=\"nofollow noopener\" target=\"_blank\">Sport A-Z<\/a><\/li>\n<\/ol>\n<p class=\"id-Story-timestamp id-Story-timestamp--default\">Stand: 30.05.2025, 23:07 Uhr<\/p>\n<p class=\"id-Story-authors id-Story-authors--default\">Von: <a class=\"id-Story-authors-link lp_west_author\" href=\"https:\/\/www.fr.de\/autor\/sascha-mehr-zdt0ydhal.html\" title=\"Zur Autorenseite von Sascha Mehr\" data-id-ec=\"{\" shn=\"\" author-link=\"\" mehr=\"\" data-k5a-pos=\"west_author\" rel=\"nofollow noopener\" target=\"_blank\">Sascha Mehr<\/a><\/p>\n<p class=\"id-Story-interactionBar id-Story-interactionBar--default\">DruckenTeilen<\/p>\n<p class=\"id-StoryElement-leadText\">Luca Marini trug beim Training in Suzuka schwere Verletzungen davon. Sein Krankenhaus-Post auf Instagram l\u00f6st Besorgnis aus.<\/p>\n<p class=\"id-StoryElement-paragraph\">Suzuka \u2013 Ein dramatischer Unfall ersch\u00fctterte die Motorsportwelt, als der italienische Motorradrennfahrer Luca Marini bei einem Trainingssturz im japanischen Suzuka schwer verletzt wurde. Der Unfall ereignete sich w\u00e4hrend des Trainings f\u00fcr das prestigetr\u00e4chtige 8-Stunden-Rennen, bei dem Marini auf dem traditionsreichen Kurs unterwegs war. <\/p>\n<p>Schwere Verletzungen f\u00fcr Motorrad-Star<\/p>\n<p class=\"id-StoryElement-paragraph\">Der 27-J\u00e4hrige kam am zweiten Testtag zu Fall und zog sich dabei mehrere schwere Verletzungen zu. Laut einer Mitteilung seines Rennstalls Honda erlitt Marini eine ausgekugelte linke H\u00fcfte, eine B\u00e4nderverletzung im linken Knie, Frakturen des Brustbeins und des linken Schl\u00fcsselbeins sowie einen rechtsseitigen Pneumothorax.<\/p>\n<p class=\"id-StoryElement-paragraph\">Besonders der Pneumothorax, eine Ansammlung von Luft im Pleuraspalt, gilt als schwerwiegend, da er die Atmung erheblich beeintr\u00e4chtigen kann. Diese Verletzung erfordert eine l\u00e4ngere Erholungszeit und k\u00f6nnte Marinis R\u00fcckkehr in den Rennsport verz\u00f6gern. Er wurde in ein \u00f6rtliches Krankenhaus gebracht, wo er stabilisiert wurde und vorerst unter Beobachtung bleibt. Eine R\u00fcckkehr nach Europa ist derzeit nicht m\u00f6glich, da Pneumothorax-Patienten f\u00fcr l\u00e4ngere Zeit nicht flugf\u00e4hig sind.<\/p>\n<p>Schweinsteiger, Neureuther, Bj\u00f6rndalen: Die ber\u00fchmtesten Sportler-Ehepaare<img decoding=\"async\" class=\"id-RatioPlaceholder-element wv_story_el_interstitialImage\" src=\"https:\/\/www.europesays.com\/de\/wp-content\/uploads\/2025\/05\/31230072-frueher-im-tennis-und-fussball-aktiv-heute-auf-dem-roten-teppich-bastian-schweinsteiger-und.jpeg\" loading=\"lazy\"   height=\"2564\" width=\"3846\" alt=\"Fr&#xFC;her im Tennis und Fu&#xDF;ball aktiv, heute auf dem roten Teppich, Bastian Schweinsteiger und Ana Ivanovic sind seit 2016 verheiratet.\"\/><a href=\"https:\/\/www.fr.de\/sport\/sport-mix\/schweinsteiger-neureuther-graf-sportler-ehepaare-liebe-fussball-tennis-biathlon-zr-92147295.html\" class=\"id-StoryElement-intestitialLink-link\" data-id-ec=\"{\" shn=\"\" ansehen=\"\" data-k5a-pos=\"west_story_13_photoGalleryLink\" title=\"Zur Fotostrecke: Schweinsteiger, Neureuther, Bj&#xF6;rndalen: Die ber&#xFC;hmtesten Sportler-Ehepaare\" rel=\"nofollow noopener\" target=\"_blank\">Fotostrecke ansehen<\/a><\/p>\n<p class=\"id-StoryElement-paragraph\">Trotz seiner schweren Verletzungen fand Marini die Kraft, sich bei seinen Fans zu melden. Auf Instagram bedankte er sich f\u00fcr die Unterst\u00fctzung und versprach, seine Anh\u00e4nger auf dem Laufenden zu halten. Der Halbbruder der MotoGP-Legende Valentino Rossi, der neun Weltmeistertitel errungen hat, steht nun vor einer ungewissen Zukunft. <\/p>\n<p>Verletzer Sportstar meldet sich aus der Klinik<\/p>\n<p class=\"id-StoryElement-paragraph\">Sein Vertrag bei Honda l\u00e4uft Ende 2025 aus, und der Druck durch andere Fahrer, die seinen Platz einnehmen k\u00f6nnten, w\u00e4chst. Fahrer wie Jorge Martin und Johann Zarco dr\u00e4ngen darauf, sich f\u00fcr die kommende Saison zu positionieren.<\/p>\n<p><img decoding=\"async\" class=\"id-RatioPlaceholder-element wv_story_el_image\" src=\"https:\/\/www.europesays.com\/de\/wp-content\/uploads\/2025\/05\/38411696-luca-marini-hat-sich-schwere-verletzungen-zugezogen-OEBG.jpg\" loading=\"lazy\"   height=\"619\" width=\"1100\" alt=\"Luca Marini hat sich schwere Verletzungen zugezogen.\"\/>Luca Marini hat sich schwere Verletzungen zugezogen. \u00a9\u00a0lucamarini10\/Instagram<\/p>\n<p class=\"id-StoryElement-paragraph\">Marini, der seit 2024 f\u00fcr Honda f\u00e4hrt, hat in der MotoGP-Klasse seit 2021 bereits 414 WM-Punkte gesammelt. Doch der Unfall kommt zu einem denkbar ung\u00fcnstigen Zeitpunkt. Sollte er l\u00e4ngere Zeit ausfallen, k\u00f6nnte Honda gezwungen sein, auf Testfahrer wie Takaaki Nakagami oder Aleix Espargar\u00f3 zur\u00fcckzugreifen, um die L\u00fccke zu f\u00fcllen. Der Transfermarkt zeigt sich in der Sommerpause besonders dynamisch und Marini muss zusehen, wie seine Konkurrenten sich in Position bringen. <\/p>\n<p class=\"id-StoryElement-paragraph\">Neben Marini wurde k\u00fcrzlich auch der <a href=\"https:\/\/www.fr.de\/sport\/fussball\/ehemaliger-bayern-star-muss-mit-brandverletzungen-ins-krankenhaus-zr-93737630.html\" class=\"id-import-Link\" data-id-ec=\"{&quot;sht&quot;:&quot;Container&quot;,&quot;shn&quot;:&quot;Story&quot;,&quot;p&quot;:{&quot;containerType&quot;:&quot;Paragraph&quot;,&quot;displayType&quot;:&quot;Paragraph InlineLink&quot;,&quot;type&quot;:&quot;INLINE_LINK&quot;,&quot;value&quot;:&quot;fr&#xFC;here Bayern-Verteidiger Lucio bei einem Unfall verletzt&quot;,&quot;variant&quot;:&quot;standardLink&quot;,&quot;sponsored&quot;:false,&quot;linkHref&quot;:&quot;https:\/\/www.fr.de\/sport\/fussball\/ehemaliger-bayern-star-muss-mit-brandverletzungen-ins-krankenhaus-zr-93737630.html&quot;,&quot;storyElementPosition&quot;:22,&quot;storyElementCount&quot;:22}}\" rel=\"nofollow noopener\" target=\"_blank\">fr\u00fchere Bayern-Verteidiger Lucio bei einem Unfall verletzt<\/a>. (smr)<\/p>\n","protected":false},"excerpt":{"rendered":"Startseite Sport Sport A-Z Stand: 30.05.2025, 23:07 Uhr Von: Sascha Mehr DruckenTeilen Luca Marini trug beim Training in&hellip;\n","protected":false},"author":2,"featured_media":152667,"comment_status":"","ping_status":"","sticky":false,"template":"","format":"standard","meta":{"footnotes":""},"categories":[1776],"tags":[1801,29,214,30,1802,215],"class_list":{"0":"post-152666","1":"post","2":"type-post","3":"status-publish","4":"format-standard","5":"has-post-thumbnail","7":"category-prominente","8":"tag-celebrities","9":"tag-deutschland","10":"tag-entertainment","11":"tag-germany","12":"tag-prominente","13":"tag-unterhaltung"},"share_on_mastodon":{"url":"https:\/\/pubeurope.com\/@de\/114599268422652674","error":""},"_links":{"self":[{"href":"https:\/\/www.europesays.com\/de\/wp-json\/wp\/v2\/posts\/152666","targetHints":{"allow":["GET"]}}],"collection":[{"href":"https:\/\/www.europesays.com\/de\/wp-json\/wp\/v2\/posts"}],"about":[{"href":"https:\/\/www.europesays.com\/de\/wp-json\/wp\/v2\/types\/post"}],"author":[{"embeddable":true,"href":"https:\/\/www.europesays.com\/de\/wp-json\/wp\/v2\/users\/2"}],"replies":[{"embeddable":true,"href":"https:\/\/www.europesays.com\/de\/wp-json\/wp\/v2\/comments?post=152666"}],"version-history":[{"count":0,"href":"https:\/\/www.europesays.com\/de\/wp-json\/wp\/v2\/posts\/152666\/revisions"}],"wp:featuredmedia":[{"embeddable":true,"href":"https:\/\/www.europesays.com\/de\/wp-json\/wp\/v2\/media\/152667"}],"wp:attachment":[{"href":"https:\/\/www.europesays.com\/de\/wp-json\/wp\/v2\/media?parent=152666"}],"wp:term":[{"taxonomy":"category","embeddable":true,"href":"https:\/\/www.europesays.com\/de\/wp-json\/wp\/v2\/categories?post=152666"},{"taxonomy":"post_tag","embeddable":true,"href":"https:\/\/www.europesays.com\/de\/wp-json\/wp\/v2\/tags?post=152666"}],"curies":[{"name":"wp","href":"https:\/\/api.w.org\/{rel}","templated":true}]}}