{"id":152675,"date":"2025-05-30T23:05:11","date_gmt":"2025-05-30T23:05:11","guid":{"rendered":"https:\/\/www.europesays.com\/de\/152675\/"},"modified":"2025-05-30T23:05:11","modified_gmt":"2025-05-30T23:05:11","slug":"hib-infektion-liam-8-stirbt-innerhalb-von-nur-24-stunden-leben-wissen","status":"publish","type":"post","link":"https:\/\/www.europesays.com\/de\/152675\/","title":{"rendered":"Hib-Infektion: Liam (8) stirbt innerhalb von nur 24 Stunden | Leben &#038; Wissen"},"content":{"rendered":"<p> An dieser Stelle findest du den Text-to-Speech Player<\/p>\n<p> Um den TTS Player darzustellen, brauchen wir deine Zustimmung. <\/p>\n<p> externen Inhalt aktivieren  Um eingebettete Inhalte anzuzeigen, ist Ihre jederzeit widerrufliche Einwilligung (\u00fcber den Schalter oder \u00fcber &#8220; <a class=\"embed-placeholder__text-link\" href=\"#\" rel=\"noopener noreferrer\" title=\"Tracking widerrufen\"> Widerruf Tracking und Cookies<\/a> &#8220; am Seitenende) zur Verarbeitung personenbezogener Daten n\u00f6tig.  Dabei k\u00f6nnen Daten in Drittl\u00e4nder wie die USA \u00fcbermittelt werden (Art. 49 Abs. 1 lit. a DSGVO). Mit dem Aktivieren des Inhalts stimmen Sie zu. Weitere Infos finden Sie <a class=\"embed-placeholder__text-link\" href=\"#\" rel=\"noopener noreferrer\" title=\"Zu den Privatsph\u00e4re Einstellungen\"> hier<\/a>. <\/p>\n<p><b>Mit Kopfschmerzen kommt der 8-j\u00e4hrige Liam Dahlberg im April aus der Schule. Einen Tag sp\u00e4ter ist er tot.<\/b><\/p>\n<p>Seine Mutter Ashlee sch\u00f6pft zun\u00e4chst keinen Verdacht, erst am n\u00e4chsten Morgen merkt sie, dass mit ihrem <a href=\"https:\/\/www.bild.de\/themen\/specials\/familie\/news-fotos-videos-17007900.bild.html\" class=\"text-link\" target=\"_blank\" rel=\"noopener\">Sohn<\/a> etwas nicht stimmt. Sofort bringt sie Liam ins Krankenhaus. Die Diagnose: eine <a href=\"https:\/\/www.bild.de\/themen\/specials\/infektionskrankheit\/gesundheit-nachrichten-news-fotos-videos-15883182.bild.html\" class=\"text-link\" target=\"_blank\" rel=\"noopener\">Infektion<\/a> mit dem Bakterium Haemophilus influenzae Typ B \u2013 auch bekannt als \u201eHib\u201c. Ein seltenes Bakterium, hochgef\u00e4hrlich. \u201eFast jeder, der sich damit infiziert, stirbt innerhalb von 24 Stunden\u201c, sagte die Mutter dem US-Sender 13WMAZ.<\/p>\n<p><img decoding=\"async\" width=\"992\" height=\"826\" alt=\"Liam war fr\u00f6hlich und aufgeweckt \u2013 niemand ahnte, dass er bald erkranken k\u00f6nnte\" src=\"https:\/\/www.europesays.com\/de\/wp-content\/uploads\/2025\/05\/a0f46fce7e6a175809f51eee5ccf3345,2554d57b\"   class=\"dynamic\" loading=\"lazy\"\/><\/p>\n<p class=\"fig__caption__text\">Liam war fr\u00f6hlich und aufgeweckt \u2013 niemand ahnte, dass er bald erkranken k\u00f6nnte<\/p>\n<p>Foto: Gofundme<\/p>\n<p>Infektion breitete sich rasend schnell aus<\/p>\n<p>Das MRT zeigt: Die Infektion hat bereits <a href=\"https:\/\/www.bild.de\/themen\/specials\/gehirn\/ratgeber-gesundheit-gehirn-nerven-synapsen-training-38538144.bild.html\" class=\"text-link\" target=\"_blank\" rel=\"noopener\">Gehirn<\/a> und R\u00fcckenmark befallen. \u201eSie konnten nichts tun\u201c, sagte die Mutter. Als die lebenserhaltenden Ma\u00dfnahmen eingestellt wurden, war Ashlee Dahlberg bei ihrem Kind. \u201eIch konnte sp\u00fcren, wie sein kleiner Herzschlag verklang \u2013 es gibt keine Worte, die diesen Schmerz beschreiben k\u00f6nnen.\u201c<\/p>\n<p><img decoding=\"async\" width=\"992\" height=\"1129\" alt=\"Die Hib-Infektion breitete sich rasend schnell in Liams K\u00f6rper aus\" src=\"https:\/\/www.europesays.com\/de\/wp-content\/uploads\/2025\/05\/a993acc93fc243f66b325a7efd08d6c0,732f497f\"   class=\"dynamic\" loading=\"lazy\"\/><\/p>\n<p class=\"fig__caption__text\">Die Hib-Infektion breitete sich rasend schnell in Liams K\u00f6rper aus <\/p>\n<p>Foto: Gofundme<\/p>\n<p>Ansteckung trotz Impfung: So gef\u00e4hrlich ist Hib<\/p>\n<p>Das Bakterium wird \u00fcber Tr\u00f6pfchen \u00fcbertragen, kann unbemerkt im K\u00f6rper bleiben und bei geschw\u00e4chtem Immunsystem lebensgef\u00e4hrlich werden. Dringt es in den Blutkreislauf ein, breitet es sich rasch in den Organen aus. Vor allem bei <a href=\"https:\/\/www.bild.de\/ratgeber\/kind-familie\/kind-und-familie\/home-15721934.bild.html\" class=\"text-link\" target=\"_blank\" rel=\"noopener\">S\u00e4uglingen<\/a> und Kleinkindern kann es schwere Infektionen oder eine lebensbedrohliche Kehldeckelentz\u00fcndung ausl\u00f6sen. Die meisten Kinder werden im ersten Lebensjahr dagegen geimpft \u2013 trotzdem sind Ansteckungen m\u00f6glich.<\/p>\n<p>Im vergangenen Jahr gab es in ganz Deutschland laut Robert Koch-Institut <b>1702 F\u00e4lle von Haemophilus influenzae<\/b>, mehr als 90 Prozent aller Kinder sind laut Stiko geimpft. Bis zur Einf\u00fchrung der Impfung im Jahr 1990 erkrankte jedes 500. Kind in Deutschland daran. <\/p>\n<p>Auch Liam war gegen Hib geimpft. Der US-Kinderarzt Dr. Eric Yancy* erkl\u00e4rte gegen\u00fcber dem Sender, dass die Krankheit bis zur Einf\u00fchrung der Hib-<a href=\"https:\/\/www.bild.de\/themen\/specials\/impfungen\/schutz-vor-masern-hepatitis-und-co-20682364.bild.html\" class=\"text-link\" target=\"_blank\" rel=\"noopener\">Impfung<\/a> \u201eabsolut verheerend\u201c gewesen sei. \u201eAuch wenn die Kinder dadurch nicht innerhalb k\u00fcrzester Zeit starben, erlitten viele von ihnen erhebliche Komplikationen\u201c, erkl\u00e4rte Yancy. Er vermutet, dass Liam sich bei einem ungeimpften Kind angesteckt hat.<\/p>\n<p><b>*Zur Person: Dr. Eric Yancy<\/b> arbeitet seit mehr als 30 Jahren als Kinderarzt in Indianapolis (USA). 1976 machte er seinen Medizin-Abschluss an der Creighton University und begann zun\u00e4chst als Assistenzarzt auf der Neugeborenen-Intensivstation des Indiana University Medical Center \u2013 dort war er der erste afroamerikanische Assistenzarzt. Bereits 1979 wurde er zum Chefarzt der P\u00e4diatrie ernannt.<\/p>\n<p>Trotz ihres Verlusts ruft Ashlee andere Eltern zur Impfung auf. \u201eIch habe das Gef\u00fchl, mein Kind im Stich gelassen zu haben, weil ich es nicht vor allem sch\u00fctzen konnte, was ihm schaden k\u00f6nnte.\u201c<br \/>\n<b><br \/>\nManchmal tun Eltern alles \u2013 und es reicht trotzdem nicht.<\/b><\/p>\n","protected":false},"excerpt":{"rendered":"An dieser Stelle findest du den Text-to-Speech Player Um den TTS Player darzustellen, brauchen wir deine Zustimmung. externen&hellip;\n","protected":false},"author":2,"featured_media":152676,"comment_status":"","ping_status":"","sticky":false,"template":"","format":"standard","meta":{"footnotes":""},"categories":[137],"tags":[1668,29,30,141,232,12930,54125,9469,32200,795,54123,54124,45],"class_list":{"0":"post-152675","1":"post","2":"type-post","3":"status-publish","4":"format-standard","5":"has-post-thumbnail","7":"category-gesundheit","8":"tag-bakterien","9":"tag-deutschland","10":"tag-germany","11":"tag-gesundheit","12":"tag-health","13":"tag-impfungen","14":"tag-impfungen-kinderkrankheiten","15":"tag-infektionskrankheit","16":"tag-kinderkrankheiten","17":"tag-masern","18":"tag-mumps","19":"tag-roeteln","20":"tag-texttospeech"},"share_on_mastodon":{"url":"https:\/\/pubeurope.com\/@de\/114599292028121204","error":""},"_links":{"self":[{"href":"https:\/\/www.europesays.com\/de\/wp-json\/wp\/v2\/posts\/152675","targetHints":{"allow":["GET"]}}],"collection":[{"href":"https:\/\/www.europesays.com\/de\/wp-json\/wp\/v2\/posts"}],"about":[{"href":"https:\/\/www.europesays.com\/de\/wp-json\/wp\/v2\/types\/post"}],"author":[{"embeddable":true,"href":"https:\/\/www.europesays.com\/de\/wp-json\/wp\/v2\/users\/2"}],"replies":[{"embeddable":true,"href":"https:\/\/www.europesays.com\/de\/wp-json\/wp\/v2\/comments?post=152675"}],"version-history":[{"count":0,"href":"https:\/\/www.europesays.com\/de\/wp-json\/wp\/v2\/posts\/152675\/revisions"}],"wp:featuredmedia":[{"embeddable":true,"href":"https:\/\/www.europesays.com\/de\/wp-json\/wp\/v2\/media\/152676"}],"wp:attachment":[{"href":"https:\/\/www.europesays.com\/de\/wp-json\/wp\/v2\/media?parent=152675"}],"wp:term":[{"taxonomy":"category","embeddable":true,"href":"https:\/\/www.europesays.com\/de\/wp-json\/wp\/v2\/categories?post=152675"},{"taxonomy":"post_tag","embeddable":true,"href":"https:\/\/www.europesays.com\/de\/wp-json\/wp\/v2\/tags?post=152675"}],"curies":[{"name":"wp","href":"https:\/\/api.w.org\/{rel}","templated":true}]}}