{"id":152677,"date":"2025-05-30T23:06:10","date_gmt":"2025-05-30T23:06:10","guid":{"rendered":"https:\/\/www.europesays.com\/de\/152677\/"},"modified":"2025-05-30T23:06:10","modified_gmt":"2025-05-30T23:06:10","slug":"spielerinnen-in-torlaune-dfb-frauen-erreichen-final-four-der-nations-league","status":"publish","type":"post","link":"https:\/\/www.europesays.com\/de\/152677\/","title":{"rendered":"Spielerinnen in Torlaune: DFB-Frauen erreichen Final Four der Nations League"},"content":{"rendered":"<p>                    Spielerinnen in Torlaune<br \/>\n                DFB-Frauen erreichen Final Four der Nations League<\/p>\n<p>\t\t\t\t              30.05.2025, 22:31 Uhr<\/p>\n<p><strong>Gut einen Monat vor der Europameisterschaft in der Schweiz gl\u00e4nzen die DFB-Frauen gegen die Niederlande. Vor allem die M\u00fcnchnerinnen Linda Dallmann und Lea Sch\u00fcller spielen gro\u00df auf.<\/strong><\/p>\n<p>Die deutschen Fu\u00dfballerinnen haben im letzten Heimspiel vor der Europameisterschaft begeistert und die Vorfreude auf das Turnier in der Schweiz geweckt. Mit dem 4:0 (3:0) gegen die Niederlande qualifizierte sich das Team von Bundestrainer Christian W\u00fcck zudem als Gruppenerster in der Nations League f\u00fcr das Final Four im Herbst.<\/p>\n<p> 32.398 Zuschauer im Bremer Weserstadion feierten die stark aufspielende DFB-Auswahl, f\u00fcr die Linda Dallmann (9. Minute), Lea Sch\u00fcller (25.\/48.) und Sarai Linder (45.) trafen.<\/p>\n<p>Trip nach Wien vor der n\u00e4chsten Erholungspause <\/p>\n<p>Nach einer Woche mit vielen Schlagzeilen um die Kritik von Spielerinnen an der Kommunikation von W\u00fcck pr\u00e4sentierten sich die DFB-Frauen schwungvoll und in bester Spiellaune. Der Kurzurlaub und die Trainingstage mit viel Taktik danach schienen ihnen sichtlich gutgetan zu haben.<\/p>\n<p> Gegen \u00d6sterreich steht nun am Dienstag (20.30 Uhr\/ARD) in Wien der letzte H\u00e4rtetest vor der EM (2. bis 27. Juli) an. Seinen 23-k\u00f6pfigen Kader f\u00fcr den Saisonh\u00f6hepunkt nominiert W\u00fcck am 12. Juni. Die Startelf gegen die Niederlande empfahl sich schon mal durchweg f\u00fcr das Turnier.<\/p>\n<p>&#8222;Es wird ein unheimlich wichtiges Spiel&#8220;, hatte der 51-J\u00e4hrige im Vorfeld betont. Beim ersten Frauen-L\u00e4nderspiel in Bremen \u00fcberhaupt verzichtete W\u00fcck wie angek\u00fcndigt auf Lena Oberdorf. \u00dcber die EM-Teilnahme des Bayern-Stars nach \u00fcberstandenem Kreuzbandriss will der Chefcoach nach den beiden Partien entscheiden.<\/p>\n<p>Linda Dallmann gl\u00e4nzt als Spielmacherin <\/p>\n<p>Mit M\u00fcnchens Dallmann als Spielmacherin starteten die DFB-Frauen voller Elan. Die 30-J\u00e4hrige sorgte nach einem Zuspiel von Janina Minge auch f\u00fcr das fr\u00fche 1:0.<\/p>\n<p>Im Oranje-Team der Europameisterinnen von 2017 fehlte Bundesliga-Toptorj\u00e4gerin Lineth Beerensteyn vom VfL Wolfsburg verletzungsbedingt. So gelang den G\u00e4sten lange wenig in der Offensive. Zu giftig gingen die deutschen Spielerinnen ins Pressing.<\/p>\n<p>Bayern-St\u00fcrmerin Sch\u00fcller baute die F\u00fchrung auf Vorlage von Jule Brand aus. Es war bereits ihr 50. Tor im 74. L\u00e4nderspiel. Sowohl Fl\u00fcgelflitzerin Brand von rechts als auch Klara B\u00fchl von links setzten die Niederlande immer wieder unter Druck &#8211; wenn nicht gerade Dallmann im Zentrum wirbelte.<\/p>\n<p> &#8222;Die M\u00e4dels sind sehr konzentriert&#8220;<\/p>\n<p>Noch vor der Pause ert\u00f6nte der Stadion-Hit &#8222;Major Tom (V\u00f6llig losgel\u00f6st)&#8220; ein drittes Mal: Linder war im Zentrum pl\u00f6tzlich frei durch und lie\u00df G\u00e4ste-Torfrau Lize Kop keine Chance. &#8222;Man sieht, dass die M\u00e4dels sehr konzentriert sind&#8220;, lobte DFB-Sportdirektorin Nia K\u00fcnzer zur Halbzeit.<\/p>\n<p>Auch nach der Pause hielt die DFB-Auswahl das Tempo hoch. Kopfballspezialistin Sch\u00fcller markierte das 4:0 kurz nach dem Wechsel. Ihre Bayern-Kollegin B\u00fchl h\u00e4tte das Ergebnis noch h\u00f6her schrauben k\u00f6nnen, verfehlte das Ziel aber knapp. Torh\u00fcterin Ann-Katrin Berger verlebte dagegen einen ruhigen Abend und war vor allem damit besch\u00e4ftigt, ihre Abschl\u00e4ge gewinnbringend nach vorn zu bringen.<\/p>\n<p>Nach dem Wien-Trip und einer weiteren Ruhepause geht es f\u00fcr die Nationalspielerinnen am 19. Juni ins Trainingslager nach Herzogenaurach. Das erste EM-Spiel steht am 4. Juli gegen Polen an. Weitere Vorrundengegner sind D\u00e4nemark und Schweden.<\/p>\n","protected":false},"excerpt":{"rendered":"Spielerinnen in Torlaune DFB-Frauen erreichen Final Four der Nations League 30.05.2025, 22:31 Uhr Gut einen Monat vor der&hellip;\n","protected":false},"author":2,"featured_media":152678,"comment_status":"","ping_status":"","sticky":false,"template":"","format":"standard","meta":{"footnotes":""},"categories":[136],"tags":[29,54056,347,30,10260,965,265],"class_list":{"0":"post-152677","1":"post","2":"type-post","3":"status-publish","4":"format-standard","5":"has-post-thumbnail","7":"category-sport","8":"tag-deutschland","9":"tag-dfb-frauen","10":"tag-fussball","11":"tag-germany","12":"tag-nations-league","13":"tag-niederlande","14":"tag-sport"},"share_on_mastodon":{"url":"https:\/\/pubeurope.com\/@de\/114599295913905894","error":""},"_links":{"self":[{"href":"https:\/\/www.europesays.com\/de\/wp-json\/wp\/v2\/posts\/152677","targetHints":{"allow":["GET"]}}],"collection":[{"href":"https:\/\/www.europesays.com\/de\/wp-json\/wp\/v2\/posts"}],"about":[{"href":"https:\/\/www.europesays.com\/de\/wp-json\/wp\/v2\/types\/post"}],"author":[{"embeddable":true,"href":"https:\/\/www.europesays.com\/de\/wp-json\/wp\/v2\/users\/2"}],"replies":[{"embeddable":true,"href":"https:\/\/www.europesays.com\/de\/wp-json\/wp\/v2\/comments?post=152677"}],"version-history":[{"count":0,"href":"https:\/\/www.europesays.com\/de\/wp-json\/wp\/v2\/posts\/152677\/revisions"}],"wp:featuredmedia":[{"embeddable":true,"href":"https:\/\/www.europesays.com\/de\/wp-json\/wp\/v2\/media\/152678"}],"wp:attachment":[{"href":"https:\/\/www.europesays.com\/de\/wp-json\/wp\/v2\/media?parent=152677"}],"wp:term":[{"taxonomy":"category","embeddable":true,"href":"https:\/\/www.europesays.com\/de\/wp-json\/wp\/v2\/categories?post=152677"},{"taxonomy":"post_tag","embeddable":true,"href":"https:\/\/www.europesays.com\/de\/wp-json\/wp\/v2\/tags?post=152677"}],"curies":[{"name":"wp","href":"https:\/\/api.w.org\/{rel}","templated":true}]}}