{"id":152694,"date":"2025-05-30T23:15:11","date_gmt":"2025-05-30T23:15:11","guid":{"rendered":"https:\/\/www.europesays.com\/de\/152694\/"},"modified":"2025-05-30T23:15:11","modified_gmt":"2025-05-30T23:15:11","slug":"zuege-fallen-zwischen-kiel-und-neumuenster-aus-ndr-de-nachrichten","status":"publish","type":"post","link":"https:\/\/www.europesays.com\/de\/152694\/","title":{"rendered":"Z\u00fcge fallen zwischen Kiel und Neum\u00fcnster aus | NDR.de &#8211; Nachrichten"},"content":{"rendered":"<p>\nStand: 30.05.2025 19:56 Uhr\n<\/p>\n<p class=\"preface\">In Schleswig-Holstein kommt es am Freitagabend (30.5.) zu Zugausf\u00e4llen. Der Grund sind Oberleitungsst\u00f6rungen zwischen Kiel und Neum\u00fcnster. Ein Ersatzverkehr mit Bussen ist laut Bahn eingerichtet.<\/p>\n<p>Zwischen <a href=\"https:\/\/www.ndr.de\/nachrichten\/schleswig-holstein\/Kiel-Aktuelle-Nachrichten-News-und-Videos,kiel7262.html\" title=\"Zum Artikel: Kiel: Aktuelle News und Videos\" rel=\"nofollow noopener\" target=\"_blank\">Kiel<\/a> und <a href=\"https:\/\/www.ndr.de\/nachrichten\/schleswig-holstein\/Neumuenster-Aktuelle-Nachrichten-und-Videos,neumuenster770.html\" title=\"Zum Artikel: Neum\u00fcnster - Aktuelle Nachrichten und Videos\" rel=\"nofollow noopener\" target=\"_blank\">Neum\u00fcnster<\/a> gibt es nach Angaben der Bahn Oberleitungsst\u00f6rungen. Laut einem Sprecher der Bundespolizei ist am Freitag aus noch ungekl\u00e4rter Ursache eine Leitung in der N\u00e4he des G\u00fcterbahnhofs von Neum\u00fcnster heruntergefallen. Deshalb ist der Bahnverkehr zwischen Kiel und Hamburg beeintr\u00e4chtigt. Betroffen sind demnach die Linien RE7 zwischen Flensburg\/Kiel und Hamburg sowie RE70 zwischen Kiel und Hamburg.<\/p>\n<ul class=\"contentlist\">\n<li><strong>RE7<\/strong>: Z\u00fcge fahren nur zwischen Flensburg und Rendsburg sowie Neum\u00fcnster und Hamburg Hbf. <\/li>\n<li><strong>RE70<\/strong>: Z\u00fcge fahren nur zwischen Neum\u00fcnster und Hamburg Hbf.<\/li>\n<\/ul>\n<p>Auch ICE-, EC- und IC-Z\u00fcge zwischen Hamburg und Kiel bzw. Fredericia fahren nicht, so die Bahn. Die Halte Kiel Hbf, Neum\u00fcnster, Hamburg-Dammtor und Padborg entfallen demnach. Reisenden empfiehlt die Bahn, mit Erixx-Z\u00fcgen nach <a href=\"https:\/\/www.ndr.de\/nachrichten\/schleswig-holstein\/Luebeck-Aktuelle-Nachrichten-und-Videos-,luebeck2802.html\" title=\"Zum Artikel: L\u00fcbeck - Aktuelle Nachrichten und Videos \" rel=\"nofollow noopener\" target=\"_blank\">L\u00fcbeck<\/a> und von dort aus nach Kiel oder Hamburg zu fahren.<\/p>\n<p>Ersatzverkehr mit Bussen eingerichtet<\/p>\n<p>Zwischen <a href=\"https:\/\/www.ndr.de\/nachrichten\/schleswig-holstein\/Rendsburg-Aktuelle-Nachrichten-und-Videos,rendsburg456.html\" title=\"Zum Artikel: Rendsburg: Aktuelle Nachrichten und Videos\" rel=\"nofollow noopener\" target=\"_blank\">Rendsburg<\/a> und Neum\u00fcnster pendelt nach Angaben der Bahn au\u00dferdem ein Bus. Zudem f\u00e4hrt ein Ersatzverkehr mit Bussen zwischen Kiel Hauptbahnhof und Neum\u00fcnster. Reisende auf der Strecke sind laut Bahn bis zu 45 Minuten l\u00e4nger unterwegs.<\/p>\n<p>Wann die St\u00f6rung behoben sein wird, ist laut Bahn derzeit noch unklar. Reisende sollen sich <a href=\"https:\/\/www.bahn.de\/service\/fahrplaene\/aktuell\" title=\"Link: \" rel=\"noopener nofollow\" target=\"_blank\">im Internet<\/a> \u00fcber ihre Verbindung informieren.<\/p>\n<p>Weitere Informationen<\/p>\n<p><img decoding=\"async\" src=\"https:\/\/www.europesays.com\/de\/wp-content\/uploads\/2025\/05\/gleisbauarbeiten134_v-contentgross.jpg\" alt=\"Gleisbauarbeiter wechseln in der Nacht eine Weiche aus . \u00a9 picture alliance \/ photothek Foto: Thomas Trutschel\" title=\"Gleisbauarbeiter wechseln in der Nacht eine Weiche aus .\" class=\"responsive\"\/><\/p>\n<p>\nBei der Nordbahn, der AKN und der Deutschen Bahn fallen im Mai und Juni einige Z\u00fcge aus. Die Fahrplan\u00e4nderungen im \u00dcberblick.<br \/>\n<a title=\"Zum Artikel: Ausf\u00e4lle bei der Bahn: Diese Z\u00fcge in SH fahren im Mai und Juni nicht\" href=\"https:\/\/www.ndr.de\/nachrichten\/schleswig-holstein\/Ausfaelle-bei-der-Bahn-Diese-Zuege-in-SH-fahren-im-Mai-und-Juni-nicht,bahn3528.html\" class=\"cta \" rel=\"nofollow noopener\" target=\"_blank\">mehr<\/a>\n<\/p>\n<p>Dieses Thema im Programm:<\/p>\n<p>NDR 1 Welle Nord |<br \/>\nNachrichten f\u00fcr Schleswig-Holstein |<br \/>\n30.05.2025 | 16:00 Uhr<\/p>\n<p><img decoding=\"async\" src=\"https:\/\/www.europesays.com\/de\/wp-content\/uploads\/2025\/03\/ndr_printlogo.gif\" alt=\"NDR Logo\" title=\"NDR Logo\"\/><\/p>\n","protected":false},"excerpt":{"rendered":"Stand: 30.05.2025 19:56 Uhr In Schleswig-Holstein kommt es am Freitagabend (30.5.) zu Zugausf\u00e4llen. Der Grund sind Oberleitungsst\u00f6rungen zwischen&hellip;\n","protected":false},"author":2,"featured_media":152695,"comment_status":"","ping_status":"","sticky":false,"template":"","format":"standard","meta":{"footnotes":""},"categories":[1852],"tags":[2227,3364,29,548,663,3934,441,30,13,4949,14,438,15,439,440,83,12,1971,684],"class_list":{"0":"post-152694","1":"post","2":"type-post","3":"status-publish","4":"format-standard","5":"has-post-thumbnail","7":"category-kiel","8":"tag-bahnverkehr","9":"tag-de","10":"tag-deutschland","11":"tag-eu","12":"tag-europa","13":"tag-europe","14":"tag-fernsehen","15":"tag-germany","16":"tag-headlines","17":"tag-kiel","18":"tag-nachrichten","19":"tag-ndr","20":"tag-news","21":"tag-norddeutscher-rundfunk","22":"tag-norddeutschland","23":"tag-radio","24":"tag-schlagzeilen","25":"tag-schleswig-holstein","26":"tag-tv"},"share_on_mastodon":{"url":"https:\/\/pubeurope.com\/@de\/114599331427899364","error":""},"_links":{"self":[{"href":"https:\/\/www.europesays.com\/de\/wp-json\/wp\/v2\/posts\/152694","targetHints":{"allow":["GET"]}}],"collection":[{"href":"https:\/\/www.europesays.com\/de\/wp-json\/wp\/v2\/posts"}],"about":[{"href":"https:\/\/www.europesays.com\/de\/wp-json\/wp\/v2\/types\/post"}],"author":[{"embeddable":true,"href":"https:\/\/www.europesays.com\/de\/wp-json\/wp\/v2\/users\/2"}],"replies":[{"embeddable":true,"href":"https:\/\/www.europesays.com\/de\/wp-json\/wp\/v2\/comments?post=152694"}],"version-history":[{"count":0,"href":"https:\/\/www.europesays.com\/de\/wp-json\/wp\/v2\/posts\/152694\/revisions"}],"wp:featuredmedia":[{"embeddable":true,"href":"https:\/\/www.europesays.com\/de\/wp-json\/wp\/v2\/media\/152695"}],"wp:attachment":[{"href":"https:\/\/www.europesays.com\/de\/wp-json\/wp\/v2\/media?parent=152694"}],"wp:term":[{"taxonomy":"category","embeddable":true,"href":"https:\/\/www.europesays.com\/de\/wp-json\/wp\/v2\/categories?post=152694"},{"taxonomy":"post_tag","embeddable":true,"href":"https:\/\/www.europesays.com\/de\/wp-json\/wp\/v2\/tags?post=152694"}],"curies":[{"name":"wp","href":"https:\/\/api.w.org\/{rel}","templated":true}]}}