{"id":152700,"date":"2025-05-30T23:18:15","date_gmt":"2025-05-30T23:18:15","guid":{"rendered":"https:\/\/www.europesays.com\/de\/152700\/"},"modified":"2025-05-30T23:18:15","modified_gmt":"2025-05-30T23:18:15","slug":"landfrauen-mit-kunst-gegen-vorurteile-bei-der-landesgartenschau","status":"publish","type":"post","link":"https:\/\/www.europesays.com\/de\/152700\/","title":{"rendered":"Landfrauen mit Kunst gegen Vorurteile bei der Landesgartenschau"},"content":{"rendered":"<p class=\"text_ohne_einzug richtext text-em-55 !leading-serif mx-6 desktop:mx-0\"> Landfrauen leiden unter dem Vorurteil, auf den Veranstaltungen des Verbandes lediglich f\u00fcrs Kaffeekochen und Kuchenbacken zust\u00e4ndig zu sein. Dass dies ein unhaltbares Vorurteil ist, zeigt auf ungew\u00f6hnliche Weise das Projekt, das Gaby Kamp, Vorsitzende des Landfrauen-Kreisverbands Neuss\/M\u00f6nchengladbach, und ihre Mitstreiterinnen aus dem Ortsverband, Elke Strommenger, Erika Schrey und Hanna Dederichs, Kreisvorstand <a href=\"https:\/\/rp-online.de\/thema\/neuss\/\" rel=\"nofollow noopener\" target=\"_blank\">Neuss<\/a>, erl\u00e4utern.<\/p>\n","protected":false},"excerpt":{"rendered":"Landfrauen leiden unter dem Vorurteil, auf den Veranstaltungen des Verbandes lediglich f\u00fcrs Kaffeekochen und Kuchenbacken zust\u00e4ndig zu sein.&hellip;\n","protected":false},"author":2,"featured_media":152701,"comment_status":"","ping_status":"","sticky":false,"template":"","format":"standard","meta":{"footnotes":""},"categories":[1849],"tags":[54131,3364,29,548,663,3934,30,13,32396,4791,9287,54132,2075,4819,54130,14117,7065,54128,54129,4455,14,10430,15,1209,12,51540],"class_list":{"0":"post-152700","1":"post","2":"type-post","3":"status-publish","4":"format-standard","5":"has-post-thumbnail","7":"category-moenchengladbach","8":"tag-buchkunst","9":"tag-de","10":"tag-deutschland","11":"tag-eu","12":"tag-europa","13":"tag-europe","14":"tag-germany","15":"tag-headlines","16":"tag-inga","17":"tag-kamp","18":"tag-kreisverband","19":"tag-kreisverbaende","20":"tag-kunst","21":"tag-kuenstlerin","22":"tag-kunststudentin","23":"tag-kunstwerk","24":"tag-landesgartenschau","25":"tag-landfrau","26":"tag-landfrauenverband","27":"tag-moenchengladbach","28":"tag-nachrichten","29":"tag-neuss","30":"tag-news","31":"tag-nordrhein-westfalen","32":"tag-schlagzeilen","33":"tag-vorurteil"},"share_on_mastodon":{"url":"https:\/\/pubeurope.com\/@de\/114599343152656374","error":""},"_links":{"self":[{"href":"https:\/\/www.europesays.com\/de\/wp-json\/wp\/v2\/posts\/152700","targetHints":{"allow":["GET"]}}],"collection":[{"href":"https:\/\/www.europesays.com\/de\/wp-json\/wp\/v2\/posts"}],"about":[{"href":"https:\/\/www.europesays.com\/de\/wp-json\/wp\/v2\/types\/post"}],"author":[{"embeddable":true,"href":"https:\/\/www.europesays.com\/de\/wp-json\/wp\/v2\/users\/2"}],"replies":[{"embeddable":true,"href":"https:\/\/www.europesays.com\/de\/wp-json\/wp\/v2\/comments?post=152700"}],"version-history":[{"count":0,"href":"https:\/\/www.europesays.com\/de\/wp-json\/wp\/v2\/posts\/152700\/revisions"}],"wp:featuredmedia":[{"embeddable":true,"href":"https:\/\/www.europesays.com\/de\/wp-json\/wp\/v2\/media\/152701"}],"wp:attachment":[{"href":"https:\/\/www.europesays.com\/de\/wp-json\/wp\/v2\/media?parent=152700"}],"wp:term":[{"taxonomy":"category","embeddable":true,"href":"https:\/\/www.europesays.com\/de\/wp-json\/wp\/v2\/categories?post=152700"},{"taxonomy":"post_tag","embeddable":true,"href":"https:\/\/www.europesays.com\/de\/wp-json\/wp\/v2\/tags?post=152700"}],"curies":[{"name":"wp","href":"https:\/\/api.w.org\/{rel}","templated":true}]}}