{"id":152702,"date":"2025-05-30T23:19:09","date_gmt":"2025-05-30T23:19:09","guid":{"rendered":"https:\/\/www.europesays.com\/de\/152702\/"},"modified":"2025-05-30T23:19:09","modified_gmt":"2025-05-30T23:19:09","slug":"vollsperrung-florastrasse-overwegstrasse-radio-emscher-lippe","status":"publish","type":"post","link":"https:\/\/www.europesays.com\/de\/152702\/","title":{"rendered":"Vollsperrung Florastra\u00dfe\/Overwegstra\u00dfe &#8211; Radio Emscher Lippe"},"content":{"rendered":"<p>Urspr\u00fcngliche Meldung:<\/p>\n<ul>\n<li><strong>Schwerer Unfall auf Florastra\u00dfe\/Overwegstra\u00dfe <\/strong><\/li>\n<li><strong>Beide komplett gesperrt &#8211; Polizeieinsatz<\/strong><\/li>\n<\/ul>\n<p>Es gab einen schweren Verkehrsunfall an der Kreuzung Florastra\u00dfe\/Overwegstra\u00dfe in Gelsenkirchen. Beide Stra\u00dfen sind gerade komplett gesperrt. Aufgrund eines schweren Verkehrsunfalls an der Kreuzung Florastra\u00dfe\/Overwegstra\u00dfe, sind beide Stra\u00dfen komplett gesperrt. Aktuell laufen dort noch Polizeima\u00dfnahmen, um Personen aus Fahrzeugen zu retten.<\/p>\n","protected":false},"excerpt":{"rendered":"Urspr\u00fcngliche Meldung: Schwerer Unfall auf Florastra\u00dfe\/Overwegstra\u00dfe Beide komplett gesperrt &#8211; Polizeieinsatz Es gab einen schweren Verkehrsunfall an der&hellip;\n","protected":false},"author":2,"featured_media":152703,"comment_status":"","ping_status":"","sticky":false,"template":"","format":"standard","meta":{"footnotes":""},"categories":[1848],"tags":[3364,29,548,663,3934,3658,30,13,14,15,1209,12,1284,3043],"class_list":{"0":"post-152702","1":"post","2":"type-post","3":"status-publish","4":"format-standard","5":"has-post-thumbnail","7":"category-gelsenkirchen","8":"tag-de","9":"tag-deutschland","10":"tag-eu","11":"tag-europa","12":"tag-europe","13":"tag-gelsenkirchen","14":"tag-germany","15":"tag-headlines","16":"tag-nachrichten","17":"tag-news","18":"tag-nordrhein-westfalen","19":"tag-schlagzeilen","20":"tag-unfall","21":"tag-vollsperrung"},"share_on_mastodon":{"url":"https:\/\/pubeurope.com\/@de\/114599347269041090","error":""},"_links":{"self":[{"href":"https:\/\/www.europesays.com\/de\/wp-json\/wp\/v2\/posts\/152702","targetHints":{"allow":["GET"]}}],"collection":[{"href":"https:\/\/www.europesays.com\/de\/wp-json\/wp\/v2\/posts"}],"about":[{"href":"https:\/\/www.europesays.com\/de\/wp-json\/wp\/v2\/types\/post"}],"author":[{"embeddable":true,"href":"https:\/\/www.europesays.com\/de\/wp-json\/wp\/v2\/users\/2"}],"replies":[{"embeddable":true,"href":"https:\/\/www.europesays.com\/de\/wp-json\/wp\/v2\/comments?post=152702"}],"version-history":[{"count":0,"href":"https:\/\/www.europesays.com\/de\/wp-json\/wp\/v2\/posts\/152702\/revisions"}],"wp:featuredmedia":[{"embeddable":true,"href":"https:\/\/www.europesays.com\/de\/wp-json\/wp\/v2\/media\/152703"}],"wp:attachment":[{"href":"https:\/\/www.europesays.com\/de\/wp-json\/wp\/v2\/media?parent=152702"}],"wp:term":[{"taxonomy":"category","embeddable":true,"href":"https:\/\/www.europesays.com\/de\/wp-json\/wp\/v2\/categories?post=152702"},{"taxonomy":"post_tag","embeddable":true,"href":"https:\/\/www.europesays.com\/de\/wp-json\/wp\/v2\/tags?post=152702"}],"curies":[{"name":"wp","href":"https:\/\/api.w.org\/{rel}","templated":true}]}}