{"id":152704,"date":"2025-05-30T23:20:15","date_gmt":"2025-05-30T23:20:15","guid":{"rendered":"https:\/\/www.europesays.com\/de\/152704\/"},"modified":"2025-05-30T23:20:15","modified_gmt":"2025-05-30T23:20:15","slug":"sommermarkt-auf-dem-mauritiusplatz-wiesbaden-lebt","status":"publish","type":"post","link":"https:\/\/www.europesays.com\/de\/152704\/","title":{"rendered":"Sommermarkt auf dem Mauritiusplatz &#8211; Wiesbaden lebt"},"content":{"rendered":"<p>\t\t\t\t\t\t\t<img decoding=\"async\" id=\"metis-img-pixel\" src=\"https:\/\/www.europesays.com\/de\/wp-content\/uploads\/2025\/05\/bfd62f76c2b3438bae19df718ae8f804.gif\"\/><br \/>\n<strong>Unter der Pergola sitzen ab Samstag Menschen, probieren Langos und Backfisch, lauschen Lounge-Beats. Der Sommermarkt verwandelt den Mauritiusplatz in einen bunten, lebendigen Ort.<\/strong><\/p>\n<p>Zum vierten Mal <strong>verwandelt sich der Mauritiusplatz von Juni bis August in einen lebendigen Sommermarkt<\/strong>. Dieses Jahr beginnt das Fest einen Tag fr\u00fcher als \u00fcblich \u2013 am 30. Mai, etwa um den Besuchern des <strong>Christopher Street Day<\/strong> und des <strong>Kranzplatzfestes<\/strong> etwas mehr anzubieten. <strong>Otto Barth<\/strong> junior, Betreiber und Organisator, betont: \u201eWir wollen weder dem einen oder anderen Konkurrenz machen noch wichtige Veranstaltungen \u00fcberschatten. Vielmehr laden wir die G\u00e4ste ein, Wiesbaden anders und in seiner ganzen Vielfalt zu entdecken.\u201c<\/p>\n<blockquote class=\"eventblock\"><p>\nSommermarkt, kurz gefasst<\/p>\n<p><strong>Filmvorf\u00fchrung \u2013 <\/strong>Die Fastnachtbeichte<br \/><strong>Wann: <\/strong>Samstag, 31. Mai bis 31. August 2025<br \/>\n<br \/><strong>Wo:\u00a0<\/strong>Sommermarkt, Mauritiuspl., 65183 Wiesbaden<br \/>\n<br \/><strong>Eintritt:<\/strong>\u00a0frei<\/p>\n<\/p>\n<\/blockquote>\n<p>Vielfalt, so lautet das Leitmotiv 2025. Der Sommermarkt pr\u00e4sentiert sich bunt und lebendig. An den St\u00e4nden dominieren bew\u00e4hrte Klassiker wie <strong>Grillspezialit\u00e4ten, hessische Tapas oder italienische Pasta direkt aus dem Parmesanlaib<\/strong>. Neu dabei sind t\u00e4glich frische Fischgerichte \u2013 von <strong>Backfisch bis Austern<\/strong> \u2013 nach gro\u00dfer Nachfrage aus dem vergangenem Jahr, unabdingbar und deshalb nicht mehr nur samstags. <strong>Ungarische Langos und eine Eis-Manufaktur<\/strong> erg\u00e4nzen das Angebot. Eis, <strong>das mehr kann als Langnese<\/strong>. Neben den Speisen \u00f6ffnet sich eine Vinothek mit <strong>Weinen aus dem Rheingau<\/strong> und Aperitifs wie Aperol Spritz und Lillet Wild Berry.<\/p>\n<p><strong data-start=\"2564\" data-end=\"2615\">Interkultureller Austausch im Herzen Wiesbadens<\/strong><\/p>\n<p>Der Sommermarkt hebt in diesem Jahr die Verbindungen zu den internationalen Partnerst\u00e4dten Wiesbadens hervor. Kulinarische Gastbeitr\u00e4ge und kulturelle Events machen die Vielfalt der Stadt sp\u00fcrbar und f\u00f6rdern den Dialog zwischen den Kulturen. So entsteht ein Ort, der weit mehr als ein Markt ist: eine B\u00fchne f\u00fcr Begegnung und Austausch.<\/p>\n<p><strong data-start=\"2954\" data-end=\"2980\">Musik belebt den Platz<\/strong><\/p>\n<p>Musikalisch begleitet <strong>DJ Snej<\/strong> freitags und samstags abends den Markt mit Lounge-Beats. Sonderveranstaltungen wie <strong>Currywurst meets Classic<\/strong>\u00a0oder die italienische Mittsommernacht setzen Akzente, w\u00e4hrend Ibiza-DJs und Saxophonisten stilvolle Sommerstimmung verbreiten. <strong>Den Abschluss bildet die gro\u00dfe Sommermarkt-Party am 30. August.<\/strong><\/p>\n<p><img loading=\"lazy\" data-recalc-dims=\"1\" decoding=\"async\" width=\"800\" height=\"534\" data-attachment-id=\"131807\" data-permalink=\"https:\/\/wiesbaden-lebt.de\/sommermarkt-auf-dem-mauritiusplatz\/sommermarkt2025\" data-orig-file=\"https:\/\/i0.wp.com\/wiesbaden-lebt.de\/wp-content\/uploads\/2025\/05\/Sommermarkt2025.jpg?fit=1140%2C760&amp;ssl=1\" data-orig-size=\"1140,760\" data-comments-opened=\"1\" data-image-meta=\"{&quot;aperture&quot;:&quot;0&quot;,&quot;credit&quot;:&quot;&quot;,&quot;camera&quot;:&quot;&quot;,&quot;caption&quot;:&quot;&quot;,&quot;created_timestamp&quot;:&quot;0&quot;,&quot;copyright&quot;:&quot;&quot;,&quot;focal_length&quot;:&quot;0&quot;,&quot;iso&quot;:&quot;0&quot;,&quot;shutter_speed&quot;:&quot;0&quot;,&quot;title&quot;:&quot;&quot;,&quot;orientation&quot;:&quot;0&quot;}\" data-image-title=\"Sommermarkt2025\" data-image-description=\"\" data-image-caption=\"\" data-medium-file=\"https:\/\/i0.wp.com\/wiesbaden-lebt.de\/wp-content\/uploads\/2025\/05\/Sommermarkt2025.jpg?fit=300%2C200&amp;ssl=1\" data-large-file=\"https:\/\/i0.wp.com\/wiesbaden-lebt.de\/wp-content\/uploads\/2025\/05\/Sommermarkt2025.jpg?fit=800%2C534&amp;ssl=1\" src=\"https:\/\/www.europesays.com\/de\/wp-content\/uploads\/2025\/05\/Sommermarkt2025.jpg\" alt=\"Sommermarkt in den letzten Z\u00fcgen.\" class=\"wp-image-131807\"  \/><\/p>\n<p><strong data-start=\"3314\" data-end=\"3365\">Soziale Verantwortung und nachhaltige Mobilit\u00e4t<\/strong><\/p>\n<p>Der <strong>Sommermarkt unterst\u00fctzt lokale Organisationen wie das Kinderhaus Zwerg Nase Zentrum und das Tierheim<\/strong>. Alle Trinkgelder flie\u00dfen als Spenden an soziale Einrichtungen. F\u00fcr Besucher stehen <strong>bewachte Fahrradgaragen<\/strong> zur Verf\u00fcgung, um die Anreise umweltfreundlich zu gestalten. Die \u00d6ffnungszeiten von 10 bis 22 Uhr bieten reichlich Gelegenheit zum Verweilen, Probieren und Genie\u00dfen.<\/p>\n<p>Foto oben \u00a92025 Volker Watschounek<\/p>\n<p>Weitere Nachrichten aus dem <strong>Ortsbezirk Mitte<\/strong> <a href=\"https:\/\/wiesbaden-lebt.de\/tag\/mitte\" target=\"_blank\" rel=\"noopener noreferrer\">lesen Sie hier<\/a>.<\/p>\n<p>Mehr vom <strong><a href=\"https:\/\/sommermarkt-wiesbaden.de\" target=\"_blank\" rel=\"noopener\">Sommermarkt Wiesbaden<\/a><\/strong>.<\/p>\n","protected":false},"excerpt":{"rendered":"Unter der Pergola sitzen ab Samstag Menschen, probieren Langos und Backfisch, lauschen Lounge-Beats. Der Sommermarkt verwandelt den Mauritiusplatz&hellip;\n","protected":false},"author":2,"featured_media":152705,"comment_status":"","ping_status":"","sticky":false,"template":"","format":"standard","meta":{"footnotes":""},"categories":[1847],"tags":[3364,29,548,663,3934,30,13,2052,54133,525,14,15,12,54134,4544],"class_list":{"0":"post-152704","1":"post","2":"type-post","3":"status-publish","4":"format-standard","5":"has-post-thumbnail","7":"category-wiesbaden","8":"tag-de","9":"tag-deutschland","10":"tag-eu","11":"tag-europa","12":"tag-europe","13":"tag-germany","14":"tag-headlines","15":"tag-hessen","16":"tag-mauritiusplatz","17":"tag-mitte","18":"tag-nachrichten","19":"tag-news","20":"tag-schlagzeilen","21":"tag-sommermarkt","22":"tag-wiesbaden"},"share_on_mastodon":{"url":"https:\/\/pubeurope.com\/@de\/114599351060213845","error":""},"_links":{"self":[{"href":"https:\/\/www.europesays.com\/de\/wp-json\/wp\/v2\/posts\/152704","targetHints":{"allow":["GET"]}}],"collection":[{"href":"https:\/\/www.europesays.com\/de\/wp-json\/wp\/v2\/posts"}],"about":[{"href":"https:\/\/www.europesays.com\/de\/wp-json\/wp\/v2\/types\/post"}],"author":[{"embeddable":true,"href":"https:\/\/www.europesays.com\/de\/wp-json\/wp\/v2\/users\/2"}],"replies":[{"embeddable":true,"href":"https:\/\/www.europesays.com\/de\/wp-json\/wp\/v2\/comments?post=152704"}],"version-history":[{"count":0,"href":"https:\/\/www.europesays.com\/de\/wp-json\/wp\/v2\/posts\/152704\/revisions"}],"wp:featuredmedia":[{"embeddable":true,"href":"https:\/\/www.europesays.com\/de\/wp-json\/wp\/v2\/media\/152705"}],"wp:attachment":[{"href":"https:\/\/www.europesays.com\/de\/wp-json\/wp\/v2\/media?parent=152704"}],"wp:term":[{"taxonomy":"category","embeddable":true,"href":"https:\/\/www.europesays.com\/de\/wp-json\/wp\/v2\/categories?post=152704"},{"taxonomy":"post_tag","embeddable":true,"href":"https:\/\/www.europesays.com\/de\/wp-json\/wp\/v2\/tags?post=152704"}],"curies":[{"name":"wp","href":"https:\/\/api.w.org\/{rel}","templated":true}]}}