{"id":152716,"date":"2025-05-30T23:27:26","date_gmt":"2025-05-30T23:27:26","guid":{"rendered":"https:\/\/www.europesays.com\/de\/152716\/"},"modified":"2025-05-30T23:27:26","modified_gmt":"2025-05-30T23:27:26","slug":"gerry-weber-schliesst-sein-geschaeft-victrix-gruppe-uebernimmt-wer-ist-das","status":"publish","type":"post","link":"https:\/\/www.europesays.com\/de\/152716\/","title":{"rendered":"Gerry Weber schlie\u00dft sein Gesch\u00e4ft \u2013 Victrix Gruppe \u00fcbernimmt: Wer ist das?"},"content":{"rendered":"<p>Deutsche Modemarke schlie\u00dft alle Filialen <\/p>\n<p>Sie \u00fcbernehmen jetzt Gerry Weber<\/p>\n<p>30.05.2025 &#8211; 17:45 UhrLesedauer: 2 Min.<\/p>\n<p><a href=\"#focus-0\" class=\"transition-colors duration-200 focus-within:text-magenta block text-current relative\" data-sctrack=\"FocusGalleryImage.Reference\"><img fetchpriority=\"high\" data-testid=\"Opener.Image\" style=\"--lqipURL:url('https:\/\/images.t-online.de\/2025\/05\/7RvFEKHCYqnX\/0x68:4000x2250\/fit-in\/150x0\/filters:blur(25)\/gerry-weber-filiale-am-viktualienmarkt-der-modekonzern-ist-erneut-insolvent-muenchen-maerz-2025-deutschland-muenchen-maerz-2025-gerry-weber-filiale-am-viktualienmarkt-damenmodegeschaeft-erneut-laeuft-ein-insolvenzverfahren-beim-modehersteller-gerry-weber-insolvenz-grosse-werbeschilder-im-schaufenster-wir-raeumen-unser-lager-alles-muss-raus-stationaerer-handel-unternehmen-wirtschaft-bayern-gerry-weber-store-at-viktualienmarkt-the-fashion-group-is-insolvent-again-munich-march-2025-germany-munich.jpg')\"   loading=\"eager\" src=\"https:\/\/www.europesays.com\/de\/wp-content\/uploads\/2025\/05\/gerry-weber-filiale-am-viktualienmarkt-der-modekonzern-ist-erneut-insolvent-muenchen-maerz-2025-deut.jpeg\" alt=\"imago images 0807127076\" title=\"imago images 0807127076\" width=\"4000\" height=\"2250\" class=\"bg-[url:var(--lqipURL)] bg-cover bg-center flex w-full max-w-full h-full\" decoding=\"async\"\/><img style=\"--width:32;--height:32\" loading=\"lazy\" src=\"https:\/\/www.europesays.com\/de\/wp-content\/uploads\/2025\/05\/zoom-in.f7dae02f.svg.svg+xml\" alt=\"Vergr\u00f6\u00dfern des Bildes\" title=\"Vergr\u00f6\u00dfern des Bildes\" class=\"&#10;        block&#10;        h-[calc(var(--height)_\/_16_*_1rem)]&#10;        w-[calc(var(--width)_\/_16_*_1rem)]&#10;        max-w-none&#10;        absolute bottom-8 right-8 rounded-4 bg-snow p-8\" decoding=\"async\"\/><\/a><\/p>\n<p>Gerry-Weber-Filiale am M\u00fcnchner Viktualienmarkt (Archivbild): Eine spanische Unternehmensgruppe \u00fcbernimmt die Marke. (Quelle: IMAGO\/imago)<\/p>\n<p class=\"font-bold text-18 leading-17\">Gerry Weber macht alle Gesch\u00e4fte dicht. Das wurde am Freitag bekannt. Die spanische Victrix Gruppe \u00fcbernimmt zumindest die Marke. Wer steckt dahinter?<\/p>\n<p class=\"text-18 leading-17\">Die spanischen K\u00e4ufer sehen laut eigenen Angaben ein starkes Potenzial in der Marke Gerry Weber. Wof\u00fcr steht die Unternehmensgruppe? Was steckt hinter dem Namen Victrix? Und wie planen die Spanier die Zukunft von Gerry Weber?<\/p>\n<p>Video | Gerry Weber schlie\u00dft alle seine Shops<\/p>\n<p>Quelle: dpa<\/p>\n<p class=\"text-18 leading-17\">Die Unternehmensgruppe mit vollst\u00e4ndigem Namen Puntos de G\u00e9nero Victrix wurde 1976 als Familienunternehmen in <a class=\"transition-colors duration-200 cursor-pointer text-inherit no-underline text-salemsfur md:hover:text-magenta md:hover:border-magenta md:focus:text-magenta border-current border-b border-solid break-words\" href=\"https:\/\/www.t-online.de\/themen\/spanien\/\" data-sctrack=\"BodyAnchor\" target=\"_blank\" rel=\"noopener\">Spanien<\/a> gegr\u00fcndet. Der Hauptsitz befindet sich in der Stadt Matar\u00f3 nord\u00f6stlich von <a class=\"transition-colors duration-200 cursor-pointer text-inherit no-underline text-salemsfur md:hover:text-magenta md:hover:border-magenta md:focus:text-magenta border-current border-b border-solid break-words\" href=\"https:\/\/www.t-online.de\/themen\/barcelona\/\" data-sctrack=\"BodyAnchor\" target=\"_blank\" rel=\"noopener\">Barcelona<\/a> in der Region <a class=\"transition-colors duration-200 cursor-pointer text-inherit no-underline text-salemsfur md:hover:text-magenta md:hover:border-magenta md:focus:text-magenta border-current border-b border-solid break-words\" href=\"https:\/\/www.t-online.de\/themen\/katalonien\/\" data-sctrack=\"BodyAnchor\" target=\"_blank\" rel=\"noopener\">Katalonien<\/a>. Derzeitiger Gesch\u00e4ftsf\u00fchrer ist Alberto Salvano.<\/p>\n<p class=\"text-18 leading-17\">Die wichtigste Marke im Portfolio der Spanier ist Punt Roma. Die Firma vertreibt seit 1997 Frauenmode, mittlerweile laut Unternehmensangaben in mehr als 400 Gesch\u00e4ften weltweit. Etwa die H\u00e4lfte der Filialen befinden sich in Spanien, <a class=\"transition-colors duration-200 cursor-pointer text-inherit no-underline text-salemsfur md:hover:text-magenta md:hover:border-magenta md:focus:text-magenta border-current border-b border-solid break-words\" href=\"https:\/\/www.t-online.de\/themen\/portugal\/\" data-sctrack=\"BodyAnchor\" target=\"_blank\" rel=\"noopener\">Portugal<\/a>, <a class=\"transition-colors duration-200 cursor-pointer text-inherit no-underline text-salemsfur md:hover:text-magenta md:hover:border-magenta md:focus:text-magenta border-current border-b border-solid break-words\" href=\"https:\/\/www.t-online.de\/themen\/frankreich\/\" data-sctrack=\"BodyAnchor\" target=\"_blank\" rel=\"noopener\">Frankreich<\/a> und Andorra. Weitere rund 250 Gesch\u00e4fte gibt es verteilt auf 32 L\u00e4nder auf allen Kontinenten.<\/p>\n<p class=\"text-18 leading-17\">Laut dem spanischen Handelsregister hat Victrix im Jahr 2023 rund 72,7 Millionen Euro Umsatz gemacht, ein Plus von etwa vier Prozent im Vorjahresvergleich. Gut 61 Prozent davon erwirtschaftete die Gruppe mit Exporten, die vor allem in die EU gingen. Laut Unternehmensangaben sind etwa 1.200 Mitarbeiter bei Victrix besch\u00e4ftigt.<\/p>\n<p class=\"text-18 leading-17\">Die Spanier sind \u00fcber die Marke Gerry Weber hinaus offenbar nicht weiter am Unternehmensbesitz interessiert. Die Gerry-Weber-Zentrale im westf\u00e4lischen Halle mit rund 280 Besch\u00e4ftigten wird ebenso aufgegeben wie die deutschen Filialen, in denen ebenfalls rund 280 Mitarbeiter t\u00e4tig sind. Im Ausland hatte die Firma bislang weitere 400 Besch\u00e4ftigte, etwa in <a class=\"transition-colors duration-200 cursor-pointer text-inherit no-underline text-salemsfur md:hover:text-magenta md:hover:border-magenta md:focus:text-magenta border-current border-b border-solid break-words\" href=\"https:\/\/www.t-online.de\/themen\/oesterreich\/\" data-sctrack=\"BodyAnchor\" target=\"_blank\" rel=\"noopener\">\u00d6sterreich<\/a>.<\/p>\n<p class=\"text-18 leading-17\">Der Online-Shop ist bereits zu \u2013 ob er jemals wieder startet, ist Sache des neuen Eigent\u00fcmers. Nach der Er\u00f6ffnung des Insolvenzverfahrens Anfang Juni \u2013 bislang befindet es sich nur in einem vorl\u00e4ufigen Stadium \u2013 d\u00fcrfte den Mitarbeitern gek\u00fcndigt werden.<\/p>\n<p class=\"text-18 leading-17\">Separat zum deutschen Mutterkonzern laufen Insolvenzverfahren ausl\u00e4ndischer T\u00f6chter. Die <a class=\"transition-colors duration-200 cursor-pointer text-inherit no-underline text-salemsfur md:hover:text-magenta md:hover:border-magenta md:focus:text-magenta border-current border-b border-solid break-words\" href=\"https:\/\/www.t-online.de\/themen\/niederlande\/\" data-sctrack=\"BodyAnchor\" target=\"_blank\" rel=\"noopener\">Niederlande<\/a> nehmen in der Neuaufstellung eine Sonderrolle ein. Dort hatte Gerry Weber seine Standorte bereits dichtgemacht. Dort wurde unl\u00e4ngst vereinbart, dass eine Partnerfirma von Victrix mindestens acht Gesch\u00e4fte schon bald wieder \u00f6ffnet und dadurch mindestens 30 Arbeitspl\u00e4tze erhalten bleiben. Den Shops d\u00fcrfte aber ein anderer Anstrich verpasst werden als bislang.<\/p>\n<p class=\"text-18 leading-17\">Die noch gut 40 Shops und Outlets von Gerry Weber in Deutschland sowie weitere Shops in anderen Staaten sollen in den kommenden Monaten geschlossen werden \u2013 und zwar &#8222;nach den \u00fcblichen Abverkaufsma\u00dfnahmen&#8220;, wie die Firma verlauten lie\u00df. Der neue Markeneigent\u00fcmer m\u00f6chte die Gerry-Weber-Damenmode in Deutschland k\u00fcnftig \u00fcber Handelspartner verkaufen, die auch andere Marken im Sortiment haben.<\/p>\n<p class=\"text-18 leading-17\">Mode von Gerry Weber soll k\u00fcnftig im <a class=\"transition-colors duration-200 cursor-pointer text-inherit no-underline text-salemsfur md:hover:text-magenta md:hover:border-magenta md:focus:text-magenta border-current border-b border-solid break-words\" href=\"https:\/\/www.t-online.de\/themen\/einzelhandel\/\" data-sctrack=\"BodyAnchor\" target=\"_blank\" rel=\"noopener\">Einzelhandel<\/a> ohne Unterbrechung angeboten werden, aber nicht mehr in den eigenen Firmenshops.<\/p>\n","protected":false},"excerpt":{"rendered":"Deutsche Modemarke schlie\u00dft alle Filialen Sie \u00fcbernehmen jetzt Gerry Weber 30.05.2025 &#8211; 17:45 UhrLesedauer: 2 Min. Gerry-Weber-Filiale am&hellip;\n","protected":false},"author":2,"featured_media":152717,"comment_status":"","ping_status":"","sticky":false,"template":"","format":"standard","meta":{"footnotes":""},"categories":[1841],"tags":[326,522,454,4915,1605,48596,3364,29,30,1551,11142,54137,54135,1209,3144,4026,54136,53812,7517],"class_list":{"0":"post-152716","1":"post","2":"type-post","3":"status-publish","4":"format-standard","5":"has-post-thumbnail","7":"category-bielefeld","8":"tag-326","9":"tag-522","10":"tag-454","11":"tag-barcelona","12":"tag-bielefeld","13":"tag-christoph-groener","14":"tag-de","15":"tag-deutschland","16":"tag-germany","17":"tag-insolvenz","18":"tag-katalonien","19":"tag-mataro","20":"tag-modemarke","21":"tag-nordrhein-westfalen","22":"tag-ostwestfalen","23":"tag-spanien","24":"tag-unternehmensgruppe","25":"tag-victrix","26":"tag-viktualienmarkt"},"share_on_mastodon":{"url":"https:\/\/pubeurope.com\/@de\/114599378491785972","error":""},"_links":{"self":[{"href":"https:\/\/www.europesays.com\/de\/wp-json\/wp\/v2\/posts\/152716","targetHints":{"allow":["GET"]}}],"collection":[{"href":"https:\/\/www.europesays.com\/de\/wp-json\/wp\/v2\/posts"}],"about":[{"href":"https:\/\/www.europesays.com\/de\/wp-json\/wp\/v2\/types\/post"}],"author":[{"embeddable":true,"href":"https:\/\/www.europesays.com\/de\/wp-json\/wp\/v2\/users\/2"}],"replies":[{"embeddable":true,"href":"https:\/\/www.europesays.com\/de\/wp-json\/wp\/v2\/comments?post=152716"}],"version-history":[{"count":0,"href":"https:\/\/www.europesays.com\/de\/wp-json\/wp\/v2\/posts\/152716\/revisions"}],"wp:featuredmedia":[{"embeddable":true,"href":"https:\/\/www.europesays.com\/de\/wp-json\/wp\/v2\/media\/152717"}],"wp:attachment":[{"href":"https:\/\/www.europesays.com\/de\/wp-json\/wp\/v2\/media?parent=152716"}],"wp:term":[{"taxonomy":"category","embeddable":true,"href":"https:\/\/www.europesays.com\/de\/wp-json\/wp\/v2\/categories?post=152716"},{"taxonomy":"post_tag","embeddable":true,"href":"https:\/\/www.europesays.com\/de\/wp-json\/wp\/v2\/tags?post=152716"}],"curies":[{"name":"wp","href":"https:\/\/api.w.org\/{rel}","templated":true}]}}