{"id":152718,"date":"2025-05-30T23:28:30","date_gmt":"2025-05-30T23:28:30","guid":{"rendered":"https:\/\/www.europesays.com\/de\/152718\/"},"modified":"2025-05-30T23:28:30","modified_gmt":"2025-05-30T23:28:30","slug":"wiederholungstaeter-ohne-fuehrerschein-erwischt-radio-bielefeld","status":"publish","type":"post","link":"https:\/\/www.europesays.com\/de\/152718\/","title":{"rendered":"Wiederholungst\u00e4ter ohne F\u00fchrerschein erwischt | Radio Bielefeld"},"content":{"rendered":"<p class=\"bodytext\">HC\/ Bielefeld- Gellershagen- Am Donnerstag, 29.05.2025, stoppten Polizisten die Fahrt eines angetrunkenen PKW-Fahrers mit einem nicht zum Stra\u00dfenverkehr zugelassenen PKW. Er besa\u00df keinen F\u00fchrerschein.<\/p>\n<p>Um 12:15 Uhr fiel Polizisten auf der Westerfeldstra\u00dfe ein 1er BMW mit Kurzzeitkennzeichen auf. Als der PKW-Fahrer vor einer roten Ampel hielt, sprachen die Beamten ihn an und der Fahrer fuhr rechts ran.<\/p>\n<p>Die Streifenbeamten stellten fest, dass an dem Kurzzeitkennzeichen das Ablaufdatum abgeklebt worden war. Eine Recherche ergab, dass dieses bis zum 13.04.2025 g\u00fcltig gewesen war und der BMW somit nicht zum Stra\u00dfenverkehr zugelassen war. Zudem stellte sich heraus, dass der 63-j\u00e4hrige Fahrer aus Bielefeld nicht im Besitz eines F\u00fchrerscheins war. Da der Bielefelder bereits in der Vergangenheit wiederholt ohne F\u00fchrerschein fahrend aufgefallen war, wurde der PKW beschlagnahmt.<\/p>\n<p>W\u00e4hrend der Kontrolle entstand bei den Streifenbeamten der Verdacht, dass der 63-J\u00e4hrige alkoholisiert war. Der Bielefelder r\u00e4umte dies ein, ein Vortest verlief positiv. Eine \u00c4rztin entnahm ihm auf der Polizeiwache eine Blutprobe. Strafverfahren wurden eingeleitet.<\/p>\n<p>R\u00fcckfragen von Journalisten bitte an:<\/p>\n<p>Polizeipr\u00e4sidium Bielefeld Leitungsstab\/ Presse- und \u00d6ffentlichkeitsarbeit Kurt-Schumacher-Stra\u00dfe 46 33615 Bielefeld<\/p>\n<p>Sonja Rehmert (SR), Tel. 0521\/545-3020 Katja K\u00fcster (KK), Tel. 0521\/545-3195 Sarah Siedschlag (SI), Tel. 0521\/545-3021 Michael K\u00f6tter (MK), Tel. 0521\/545-3022 Hella Christoph (HC), Tel. 0521\/545-3023 Fabian Rickel (FR), Tel. 0521\/545-3024 Caroline Steffen (CS), Tel. 0521\/545-3026 Lukas Reker (LR), Tel. 0521\/545-3222 Jan Grote (JG), Tel. 0521\/545-3235<\/p>\n<p>E-Mail: pressestelle.bielefeld@polizei.nrw.de <a href=\"https:\/\/bielefeld.polizei.nrw\/\" target=\"_blank\" rel=\"nofollow noopener\">bielefeld.polizei.nrw<\/a><\/p>\n<p>Au\u00dferhalb der B\u00fcrodienstzeit: Leitstelle, Tel. 0521\/545-0<\/p>\n<p> Original-Content von: Polizei Bielefeld, \u00fcbermittelt durch news aktuell<\/p>\n","protected":false},"excerpt":{"rendered":"HC\/ Bielefeld- Gellershagen- Am Donnerstag, 29.05.2025, stoppten Polizisten die Fahrt eines angetrunkenen PKW-Fahrers mit einem nicht zum Stra\u00dfenverkehr&hellip;\n","protected":false},"author":2,"featured_media":29613,"comment_status":"","ping_status":"","sticky":false,"template":"","format":"standard","meta":{"footnotes":""},"categories":[1841],"tags":[1605,3364,29,30,1209,12925],"class_list":{"0":"post-152718","1":"post","2":"type-post","3":"status-publish","4":"format-standard","5":"has-post-thumbnail","7":"category-bielefeld","8":"tag-bielefeld","9":"tag-de","10":"tag-deutschland","11":"tag-germany","12":"tag-nordrhein-westfalen","13":"tag-polizeimeldungen"},"share_on_mastodon":{"url":"https:\/\/pubeurope.com\/@de\/114599382553547001","error":""},"_links":{"self":[{"href":"https:\/\/www.europesays.com\/de\/wp-json\/wp\/v2\/posts\/152718","targetHints":{"allow":["GET"]}}],"collection":[{"href":"https:\/\/www.europesays.com\/de\/wp-json\/wp\/v2\/posts"}],"about":[{"href":"https:\/\/www.europesays.com\/de\/wp-json\/wp\/v2\/types\/post"}],"author":[{"embeddable":true,"href":"https:\/\/www.europesays.com\/de\/wp-json\/wp\/v2\/users\/2"}],"replies":[{"embeddable":true,"href":"https:\/\/www.europesays.com\/de\/wp-json\/wp\/v2\/comments?post=152718"}],"version-history":[{"count":0,"href":"https:\/\/www.europesays.com\/de\/wp-json\/wp\/v2\/posts\/152718\/revisions"}],"wp:featuredmedia":[{"embeddable":true,"href":"https:\/\/www.europesays.com\/de\/wp-json\/wp\/v2\/media\/29613"}],"wp:attachment":[{"href":"https:\/\/www.europesays.com\/de\/wp-json\/wp\/v2\/media?parent=152718"}],"wp:term":[{"taxonomy":"category","embeddable":true,"href":"https:\/\/www.europesays.com\/de\/wp-json\/wp\/v2\/categories?post=152718"},{"taxonomy":"post_tag","embeddable":true,"href":"https:\/\/www.europesays.com\/de\/wp-json\/wp\/v2\/tags?post=152718"}],"curies":[{"name":"wp","href":"https:\/\/api.w.org\/{rel}","templated":true}]}}