{"id":152721,"date":"2025-05-30T23:30:10","date_gmt":"2025-05-30T23:30:10","guid":{"rendered":"https:\/\/www.europesays.com\/de\/152721\/"},"modified":"2025-05-30T23:30:10","modified_gmt":"2025-05-30T23:30:10","slug":"25-neue-abfaellbehaelter-fuer-die-ronsdorfer-anlagen","status":"publish","type":"post","link":"https:\/\/www.europesays.com\/de\/152721\/","title":{"rendered":"25 neue Abf\u00e4llbeh\u00e4lter f\u00fcr die Ronsdorfer Anlagen"},"content":{"rendered":"<p class=\"text_ohne_einzug richtext text-em-55 !leading-serif mx-6 desktop:mx-0\">Bereits seit Mitte des 19. Jahrhunderts engagieren sich Ronsdorfer B\u00fcrger f\u00fcr den Erhalt des Waldes im Norden des Stadtteils, die Ronsdorfer Anlagen. Die Vereinsmitglieder konnten die Fl\u00e4che sp\u00e4ter erwerben, als attraktives Naherholungsgebiet gestalten und bis heute bewahren. Zuletzt wendeten sie mit einer Klage den geplanten Ausbau der L419 ab.<\/p>\n","protected":false},"excerpt":{"rendered":"Bereits seit Mitte des 19. Jahrhunderts engagieren sich Ronsdorfer B\u00fcrger f\u00fcr den Erhalt des Waldes im Norden des&hellip;\n","protected":false},"author":2,"featured_media":152722,"comment_status":"","ping_status":"","sticky":false,"template":"","format":"standard","meta":{"footnotes":""},"categories":[1840],"tags":[14723,3364,29,43247,30,22605,32115,54139,54144,1209,54140,18349,524,36760,45779,10434,29273,54142,53385,54143,54141,54145,4418],"class_list":{"0":"post-152721","1":"post","2":"type-post","3":"status-publish","4":"format-standard","5":"has-post-thumbnail","7":"category-wuppertal","8":"tag-anlagen","9":"tag-de","10":"tag-deutschland","11":"tag-erhalt","12":"tag-germany","13":"tag-jahrhunderts","14":"tag-kurfuerstenstrasse","15":"tag-l419","16":"tag-markierungspfosten","17":"tag-nordrhein-westfalen","18":"tag-pfosten","19":"tag-ronsdorf","20":"tag-strasse","21":"tag-strassenreinigung","22":"tag-veraendert","23":"tag-verein","24":"tag-vereins","25":"tag-vereinschronik","26":"tag-vereinsmitglieder","27":"tag-vereinzelten","28":"tag-verschoenerungsverein","29":"tag-verschoenerungsvereins","30":"tag-wuppertal"},"share_on_mastodon":{"url":"https:\/\/pubeurope.com\/@de\/114599390371894179","error":""},"_links":{"self":[{"href":"https:\/\/www.europesays.com\/de\/wp-json\/wp\/v2\/posts\/152721","targetHints":{"allow":["GET"]}}],"collection":[{"href":"https:\/\/www.europesays.com\/de\/wp-json\/wp\/v2\/posts"}],"about":[{"href":"https:\/\/www.europesays.com\/de\/wp-json\/wp\/v2\/types\/post"}],"author":[{"embeddable":true,"href":"https:\/\/www.europesays.com\/de\/wp-json\/wp\/v2\/users\/2"}],"replies":[{"embeddable":true,"href":"https:\/\/www.europesays.com\/de\/wp-json\/wp\/v2\/comments?post=152721"}],"version-history":[{"count":0,"href":"https:\/\/www.europesays.com\/de\/wp-json\/wp\/v2\/posts\/152721\/revisions"}],"wp:featuredmedia":[{"embeddable":true,"href":"https:\/\/www.europesays.com\/de\/wp-json\/wp\/v2\/media\/152722"}],"wp:attachment":[{"href":"https:\/\/www.europesays.com\/de\/wp-json\/wp\/v2\/media?parent=152721"}],"wp:term":[{"taxonomy":"category","embeddable":true,"href":"https:\/\/www.europesays.com\/de\/wp-json\/wp\/v2\/categories?post=152721"},{"taxonomy":"post_tag","embeddable":true,"href":"https:\/\/www.europesays.com\/de\/wp-json\/wp\/v2\/tags?post=152721"}],"curies":[{"name":"wp","href":"https:\/\/api.w.org\/{rel}","templated":true}]}}