{"id":152734,"date":"2025-05-30T23:37:14","date_gmt":"2025-05-30T23:37:14","guid":{"rendered":"https:\/\/www.europesays.com\/de\/152734\/"},"modified":"2025-05-30T23:37:14","modified_gmt":"2025-05-30T23:37:14","slug":"in-frankreich-wird-zum-ersten-mal-eine-ausstellung-ueber-duplessis-den-hofportraetisten-ludwigs-xiv","status":"publish","type":"post","link":"https:\/\/www.europesays.com\/de\/152734\/","title":{"rendered":"In Frankreich wird zum ersten Mal eine Ausstellung \u00fcber Duplessis, den Hofportr\u00e4tisten Ludwigs XIV."},"content":{"rendered":"<p>                            by <a href=\"https:\/\/www.finestresullarte.info\/de\/1846p_redazione-finestre-sull-arte.php\" target=\"_blank\" rel=\"noopener\">\t            Redazione <\/a>\t            , published on 31\/05\/2025\t\t<br \/>Categories:  <a href=\"https:\/\/www.finestresullarte.info\/de\/flash-news\/2c-ausstellungen.php\" target=\"_blank\" rel=\"noopener\">Ausstellungen<\/a><br \/>\n\t        \t        \t\t\t\/ <a href=\"#disclaimer\">Disclaimer<\/a><\/p>\n<p>\n\t\t\t\t\tDrei Jahrhunderte nach seiner Geburt widmet die Stadt Carpentras in Frankreich Joseph Siffred Duplessis, dem Hofportr\u00e4tisten Ludwigs XVI., die erste gro\u00dfe Retrospektive, die mehr als 60 Werke aus Museen in aller Welt versammelt und das lokale Erbe der Biblioth\u00e8que-mus\u00e9e Inguimbertine wiederentdeckt.                <\/p>\n<p>Vom 14. Juni bis zum 28. September 2025 zeigt die <strong>Biblioth\u00e8que-mus\u00e9e Inguimbertine<\/strong> in <strong>Carpentras<\/strong><strong>(Frankreich)<\/strong> die erste gro\u00dfe Retrospektive von <strong>Joseph<\/strong> <strong>Siffred <\/strong><strong>Duplessis<\/strong> (Carpentras, 1725 &#8211; Versailles, 1802), einer zentralen Figur der offiziellen Portr\u00e4tmalerei im <strong>Frankreich des 18. Jahrhunderts<\/strong>, die heute der breiten \u00d6ffentlichkeit kaum bekannt ist. Die Ausstellung mit dem Titel Joseph-Siffred Duplessis (1725-1802), L\u2019art de peindre la vie, findet anl\u00e4sslich des dreihundertsten Geburtstags des K\u00fcnstlers statt und versammelt rund sechzig Werke, darunter Gem\u00e4lde, Zeichnungen und vorbereitende Studien, aus franz\u00f6sischen und internationalen Museen, darunter dem Louvre, dem Mus\u00e9e Carnavalet, dem Metropolitan Museum of Art in New York und dem Mus\u00e9e des beaux-arts du Canada.<\/p>\n<p>Die von <strong>Xavier<\/strong> <strong>Salmon<\/strong>, dem Direktor der Grafikabteilung des Louvre und Spezialisten f\u00fcr Portr\u00e4ts des 18. Jahrhunderts, kuratierte Ausstellung zeigt eine repr\u00e4sentative Auswahl des gesamten Schaffens von Duplessis. Als akademischer und offizieller Maler, der das ber\u00fchmte Portr\u00e4t <strong>Ludwigs XVI.<\/strong> in sakraler Kleidung schuf, portr\u00e4tierte Duplessis prominente Pers\u00f6nlichkeiten seiner Zeit, darunter Benjamin Franklin, den Komponisten Gluck, Jacques Necker und seine Frau Suzanne Curchod, Marie-Antoinette, Mitglieder des Klerus, intellektuelle Eliten und Provinzh\u00f6fe. Die Ausstellung umfasst Werke aus wichtigen Institutionen und der Sammlung Inguimbertine selbst, die mit 22 Werken des K\u00fcnstlers die bedeutendste heute bekannte \u00f6ffentliche Sammlung darstellt. Darunter befinden sich die beiden einzigen religi\u00f6sen Gem\u00e4lde des K\u00fcnstlers, La Pentec\u00f4te und L\u2019Invention de la croix par sainte H\u00e9l\u00e8ne, die er in seinen jungen Jahren f\u00fcr die Kathedrale von Carpentras schuf, nachdem er in Rom im Atelier von Pierre Subleyras gelernt hatte.<\/p>\n<p><img loading=\"lazy\" decoding=\"async\" alt=\"Joseph Siffred Duplessis, Ludwig XVI. im gro\u00dfen k\u00f6niglichen Habit (1777; \u00d6l auf Leinwand; Paris, Mus\u00e9e Carnavalet)\" src=\"https:\/\/www.europesays.com\/de\/wp-content\/uploads\/2025\/05\/joseph-siffred-duplessis-louis-xvi.jpg\" class=\"lazy\" width=\"750\" height=\"928\"\/>&#13;<br \/>\nJoseph Siffred Duplessis, Ludwig XVI. im k\u00f6niglichen Gewand (1777; \u00d6l auf Leinwand; Paris, Mus\u00e9e Carnavalet)&#13;<\/p>\n<p>Duplessis wurde am 22. September 1725 in Carpentras als Sohn eines Malerhandwerkers geboren. Zun\u00e4chst wurde er bei dem M\u00f6nchsmaler Bruder Imbert in Villeneuve-l\u00e8s-Avignon ausgebildet, sp\u00e4ter ging er nach Rom, wo er seine Technik unter Subleyras verfeinerte. Um 1748 kehrt er in seine Heimat zur\u00fcck und erh\u00e4lt erste kirchliche Auftr\u00e4ge. Seine k\u00fcnstlerische Laufbahn wird ab 1752 in Paris endg\u00fcltig gefestigt, wo er 1769 in die Acad\u00e9mie Royale de Peinture aufgenommen wird. Das bekannteste seiner ersten Portr\u00e4ts ist das des Abb\u00e9 Fran\u00e7ois Arnaud, das sein Deb\u00fct im Louvre-Salon markiert und die Aufmerksamkeit von Denis Diderot auf sich zieht. Duplessis wurde sofort f\u00fcr seine F\u00e4higkeit gesch\u00e4tzt, die Individualit\u00e4t seiner Portr\u00e4tierten, die Lebendigkeit ihrer Blicke, die Wiedergabe ihres Fleisches und die meisterhafte Darstellung von Stoffen und Ornamenten zu erfassen. Diese Qualit\u00e4ten brachten ihm den Titel \u201cVan Dyck Frankreichs\u201d ein, wie es in einer anonymen Rezension von 1781 hei\u00dft.<\/p>\n<p>Im Jahr 1771 wird er mit dem Reiterportr\u00e4t von Marie-Antoinette beauftragt, ein Projekt, das nicht vollendet wird, vielleicht wegen der Offenheit, mit der der K\u00fcnstler die Z\u00fcge der jungen Erzherzogin von \u00d6sterreich wiedergibt. Im selben Jahr erh\u00e4lt er den prestigetr\u00e4chtigen Auftrag f\u00fcr das offizielle Portr\u00e4t Ludwigs XVI. in seiner k\u00f6niglichen Kleidung, das 1777 fertiggestellt wird und zum offiziellen ikonografischen Modell des Herrschers wird, das auch durch Stiche verbreitet wird. Neben den offiziellen Hofportr\u00e4ts pflegt Duplessis enge Beziehungen zu seiner Heimatprovinz. Er portr\u00e4tiert weiterhin Pers\u00f6nlichkeiten und Intellektuelle aus dem Comtat Venaissin und den s\u00fcdlichen Regionen Frankreichs, wobei er einem Kundenkreis treu bleibt, der ihm wirtschaftliche Autonomie und k\u00fcnstlerische Freiheit garantiert. Einige dieser Portr\u00e4ts, die sich heute in der Sammlung der Inguimbertine befinden, zeugen von seiner F\u00e4higkeit, n\u00fcchterne und wirkungsvolle Kompositionen zu schaffen, die von dunklen Hintergr\u00fcnden dominiert werden, aus denen sich die Gesichter seiner Portr\u00e4tierten kraftvoll abheben.<\/p>\n<p>Die Franz\u00f6sische Revolution markiert den Niedergang seiner Malerkarriere. Nach 1785 stellt Duplessis, der unter Sehschwierigkeiten und dem Verlust seiner aristokratischen Kundschaft leidet, die Malerei allm\u00e4hlich ein. Er zog sich 1794 nach Carpentras zur\u00fcck, wo er mit der Inventarisierung des Kunstbesitzes des Bezirks betraut wurde. Zwei Jahre sp\u00e4ter wird er zum Konservator des neuen Museums der \u00c9cole fran\u00e7aise ernannt, das im Schloss von Versailles eingerichtet wird. Dort starb er am 1. April 1802 in relativer Anonymit\u00e4t. Die Inguimbertine, die heute in dem monumentalen, 2024 restaurierten H\u00f4tel-Dieu untergebracht ist, beherbergt die Ausstellung in einem Rahmen, der das Erbe der Stadt aufwertet. Die Kultureinrichtung, die einzige ihrer Art in Frankreich, ist als Bibliothek-Museum konzipiert, ein Projekt, das seine Wurzeln im 18. Jahrhundert hat, als Monsignore d\u2019Inguimbert beschloss, seine Buch- und Kunstsammlung der \u00d6ffentlichkeit zug\u00e4nglich zu machen. Neben der Ausstellung wird die Veranstaltung von einem wissenschaftlichen Katalog begleitet, der von Lienart herausgegeben wird und die rund zweihundert Werke, die mit Sicherheit dem Maler zugeschrieben werden, zusammenfasst und ein aktuelles Forschungsinstrument bietet. Die Ausstellung profitiert auch von Leihgaben zahlreicher Institutionen, darunter das Mus\u00e9e Carnavalet, das Mus\u00e9e de Versailles, das Mus\u00e9e Calvet, die Acad\u00e9mie de M\u00e9decine, das Nelson-Atkins Museum in Kansas City, das MET in New York und die Fondation d\u2019Haussonville in der Schweiz. Mit dieser Ausstellung m\u00f6chte Carpentras Duplessis in das Panorama der gro\u00dfen europ\u00e4ischen Portr\u00e4tmalerei des 18. Jahrhunderts zur\u00fcckholen und einen vergessenen Autor in den Kontext eines Jahrhunderts einordnen, in dem die Portr\u00e4tmalerei sowohl in der Hauptstadt als auch in der Provinz zu einem der am meisten praktizierten und begehrtesten Genres wurde. Die Initiative zielt darauf ab, das vollst\u00e4ndige Profil eines K\u00fcnstlers wiederherzustellen, der nach den Worten von Xavier Salmon \u201cdie Wahrheiten der Natur mit den Anmutungen der sch\u00f6nen Ausf\u00fchrung verlockte\u201d.<\/p>\n<tr>\n<td>\n<img decoding=\"async\" src=\"https:\/\/www.europesays.com\/de\/wp-content\/uploads\/2025\/05\/joseph-siffred-duplessis-louis-xvi-2.jpg\" alt=\"In Frankreich wird zum ersten Mal eine Ausstellung \u00fcber Duplessis, den Hofportr\u00e4tisten Ludwigs XIV.\" title=\"In Frankreich wird zum ersten Mal eine Ausstellung \u00fcber Duplessis, den Hofportr\u00e4tisten Ludwigs XIV.\"\/><\/td>\n<\/tr>\n<tr>\n<td>In Frankreich wird zum ersten Mal eine Ausstellung \u00fcber Duplessis, den Hofportr\u00e4tisten Ludwigs XIV.<\/td>\n<\/tr>\n<p><\/p>\n<p style=\"font-size:14px\" id=\"disclaimer\">Achtung: Die \u00dcbersetzung des italienischen Originalartikels ins Deutsche wurde mit Hilfe automatischer<br \/>\n                Tools erstellt.<br \/>\n                Wir verpflichten uns, alle Artikel zu \u00fcberpr\u00fcfen, aber wir garantieren nicht die v\u00f6llige Abwesenheit von Ungenauigkeiten in der \u00dcbersetzung<br \/>\n                aufgrund des Programms. Sie k\u00f6nnen das Original finden, indem Sie auf die ITA-Schaltfl\u00e4che klicken. Wenn Sie einen Fehler finden, <a href=\"https:\/\/www.finestresullarte.info\/en\/contacts.php\" target=\"_blank\" rel=\"noopener\">kontaktieren Sie uns bitte<\/a>.<\/p>\n","protected":false},"excerpt":{"rendered":"by Redazione , published on 31\/05\/2025 Categories: Ausstellungen \/ Disclaimer Drei Jahrhunderte nach seiner Geburt widmet die Stadt&hellip;\n","protected":false},"author":2,"featured_media":152735,"comment_status":"","ping_status":"","sticky":false,"template":"","format":"standard","meta":{"footnotes":""},"categories":[3974],"tags":[331,332,54151,548,663,3934,3980,156,13,14,15,54150,12,54149],"class_list":{"0":"post-152734","1":"post","2":"type-post","3":"status-publish","4":"format-standard","5":"has-post-thumbnail","7":"category-frankreich","8":"tag-aktuelle-nachrichten","9":"tag-aktuelle-news","10":"tag-arte-antica","11":"tag-eu","12":"tag-europa","13":"tag-europe","14":"tag-france","15":"tag-frankreich","16":"tag-headlines","17":"tag-nachrichten","18":"tag-news","19":"tag-parigi","20":"tag-schlagzeilen","21":"tag-settecento"},"share_on_mastodon":{"url":"https:\/\/pubeurope.com\/@de\/114599417940964266","error":""},"_links":{"self":[{"href":"https:\/\/www.europesays.com\/de\/wp-json\/wp\/v2\/posts\/152734","targetHints":{"allow":["GET"]}}],"collection":[{"href":"https:\/\/www.europesays.com\/de\/wp-json\/wp\/v2\/posts"}],"about":[{"href":"https:\/\/www.europesays.com\/de\/wp-json\/wp\/v2\/types\/post"}],"author":[{"embeddable":true,"href":"https:\/\/www.europesays.com\/de\/wp-json\/wp\/v2\/users\/2"}],"replies":[{"embeddable":true,"href":"https:\/\/www.europesays.com\/de\/wp-json\/wp\/v2\/comments?post=152734"}],"version-history":[{"count":0,"href":"https:\/\/www.europesays.com\/de\/wp-json\/wp\/v2\/posts\/152734\/revisions"}],"wp:featuredmedia":[{"embeddable":true,"href":"https:\/\/www.europesays.com\/de\/wp-json\/wp\/v2\/media\/152735"}],"wp:attachment":[{"href":"https:\/\/www.europesays.com\/de\/wp-json\/wp\/v2\/media?parent=152734"}],"wp:term":[{"taxonomy":"category","embeddable":true,"href":"https:\/\/www.europesays.com\/de\/wp-json\/wp\/v2\/categories?post=152734"},{"taxonomy":"post_tag","embeddable":true,"href":"https:\/\/www.europesays.com\/de\/wp-json\/wp\/v2\/tags?post=152734"}],"curies":[{"name":"wp","href":"https:\/\/api.w.org\/{rel}","templated":true}]}}