{"id":152740,"date":"2025-05-30T23:40:12","date_gmt":"2025-05-30T23:40:12","guid":{"rendered":"https:\/\/www.europesays.com\/de\/152740\/"},"modified":"2025-05-30T23:40:12","modified_gmt":"2025-05-30T23:40:12","slug":"europa-ursula-von-der-leyen-glueck-oder-schaden-fuer-die-eu-beides-stimmt-meinung","status":"publish","type":"post","link":"https:\/\/www.europesays.com\/de\/152740\/","title":{"rendered":"Europa: Ursula von der Leyen &#8211; Gl\u00fcck oder Schaden f\u00fcr die EU? Beides stimmt &#8211; Meinung"},"content":{"rendered":"<p data-manual=\"teaserText\" data-schema-org-speakable=\"true\" class=\"css-vzdvax\">In Br\u00fcssel haben viele den Eindruck, die Kommissionspr\u00e4sidentin besch\u00e4dige die europ\u00e4ische Demokratie, au\u00dferhalb wird sie als deren Retterin gefeiert. Und das geht beides zusammen.<\/p>\n<p data-manual=\"paragraph\" data-schema-org-speakable=\"true\" class=\"css-kfbp7r\">Von Br\u00fcssel aus betrachtet war es ein unerh\u00f6rtes Ereignis, was sich am Donnerstag in Aachen abspielte. <a href=\"https:\/\/www.sueddeutsche.de\/thema\/EU\" target=\"_blank\" rel=\"noopener\">EU<\/a>-Kommissionspr\u00e4sidentin <a href=\"https:\/\/www.sueddeutsche.de\/thema\/Ursula_von_der_Leyen\" target=\"_blank\" rel=\"noopener\">Ursula von der Leyen<\/a> erhielt im Beisein des spanischen K\u00f6nigs und des deutschen Kanzlers den Karlspreis, die wohl renommierteste Auszeichnung f\u00fcr Verdienste um die europ\u00e4ische Einigung. In Br\u00fcssel dagegen gibt es Menschen, die finden, Ursula von der Leyen f\u00fcge der europ\u00e4ischen Demokratie schweren Schaden zu.<\/p>\n","protected":false},"excerpt":{"rendered":"In Br\u00fcssel haben viele den Eindruck, die Kommissionspr\u00e4sidentin besch\u00e4dige die europ\u00e4ische Demokratie, au\u00dferhalb wird sie als deren Retterin&hellip;\n","protected":false},"author":2,"featured_media":152741,"comment_status":"","ping_status":"","sticky":false,"template":"","format":"standard","meta":{"footnotes":""},"categories":[3933],"tags":[331,332,31,548,663,158,3934,3935,775,13,148,3074,14,15,12,149,1493],"class_list":{"0":"post-152740","1":"post","2":"type-post","3":"status-publish","4":"format-standard","5":"has-post-thumbnail","7":"category-eu","8":"tag-aktuelle-nachrichten","9":"tag-aktuelle-news","10":"tag-cdu","11":"tag-eu","12":"tag-europa","13":"tag-europaeische-union","14":"tag-europe","15":"tag-european-union","16":"tag-friedrich-merz","17":"tag-headlines","18":"tag-leserdiskussion","19":"tag-meinung","20":"tag-nachrichten","21":"tag-news","22":"tag-schlagzeilen","23":"tag-sueddeutsche-zeitung","24":"tag-ursula-von-der-leyen"},"share_on_mastodon":{"url":"https:\/\/pubeurope.com\/@de\/114599429703797077","error":""},"_links":{"self":[{"href":"https:\/\/www.europesays.com\/de\/wp-json\/wp\/v2\/posts\/152740","targetHints":{"allow":["GET"]}}],"collection":[{"href":"https:\/\/www.europesays.com\/de\/wp-json\/wp\/v2\/posts"}],"about":[{"href":"https:\/\/www.europesays.com\/de\/wp-json\/wp\/v2\/types\/post"}],"author":[{"embeddable":true,"href":"https:\/\/www.europesays.com\/de\/wp-json\/wp\/v2\/users\/2"}],"replies":[{"embeddable":true,"href":"https:\/\/www.europesays.com\/de\/wp-json\/wp\/v2\/comments?post=152740"}],"version-history":[{"count":0,"href":"https:\/\/www.europesays.com\/de\/wp-json\/wp\/v2\/posts\/152740\/revisions"}],"wp:featuredmedia":[{"embeddable":true,"href":"https:\/\/www.europesays.com\/de\/wp-json\/wp\/v2\/media\/152741"}],"wp:attachment":[{"href":"https:\/\/www.europesays.com\/de\/wp-json\/wp\/v2\/media?parent=152740"}],"wp:term":[{"taxonomy":"category","embeddable":true,"href":"https:\/\/www.europesays.com\/de\/wp-json\/wp\/v2\/categories?post=152740"},{"taxonomy":"post_tag","embeddable":true,"href":"https:\/\/www.europesays.com\/de\/wp-json\/wp\/v2\/tags?post=152740"}],"curies":[{"name":"wp","href":"https:\/\/api.w.org\/{rel}","templated":true}]}}