{"id":152769,"date":"2025-05-30T23:56:11","date_gmt":"2025-05-30T23:56:11","guid":{"rendered":"https:\/\/www.europesays.com\/de\/152769\/"},"modified":"2025-05-30T23:56:11","modified_gmt":"2025-05-30T23:56:11","slug":"aldi-lidl-und-co-kunden-essen-suessigkeit-dann-rufen-sie-die-polizei","status":"publish","type":"post","link":"https:\/\/www.europesays.com\/de\/152769\/","title":{"rendered":"Aldi, Lidl und Co: Kunden essen S\u00fc\u00dfigkeit &#8211; dann rufen sie die Polizei"},"content":{"rendered":"<p>Wenn Kinder und Erwachsene bei Aldi, Lidl und Co. beherzt ins S\u00fc\u00dfigkeiten-Regal greifen, haben sie nur selten ein mulmiges Gef\u00fchl. Das k\u00f6nnte sich ob dieser Meldung jetzt aber \u00e4ndern.<\/p>\n<p>Denn in den Niederlanden folgte nach dem Verzehr eines Haribo-Produkts bei Kunden von Aldi, Lidl und Co. das b\u00f6se Erwachen. Denn weil den Kunden pl\u00f6tzlich unwohl war, meldeten sie sich bei der Polizei. Die Untersuchungen f\u00f6rderten Erschreckendes zutage.<\/p>\n<p>Aldi, Lidl und Co: R\u00fcckruf von beliebtem Produkt<\/p>\n<p>Bei dem betroffenen Produkt, das es auch bei <a href=\"https:\/\/www.derwesten.de\/themen\/aldi\" target=\"_blank\" rel=\"noopener\">Aldi<\/a>, <a href=\"https:\/\/www.derwesten.de\/themen\/lidl\" target=\"_blank\" rel=\"noopener\">Lidl<\/a> und Co. in den Niederlanden zu kaufen gibt, soll es sich um die \u201eHappy Cola\u201c-Fruchtgummis von Haribo gehandelt haben. In drei Kilot\u00fcten des Produkts sollen Spuren der Droge Cannabis entdeckt worden sein. Wie diese dort reingeraten konnten, ist nun Gegenstand der Ermittlungen.<\/p>\n<p>+++ <a href=\"https:\/\/www.derwesten.de\/panorama\/vermischtes\/aldi-lidl-discounter-preisschlacht-id301600947.html\" target=\"_blank\" rel=\"noopener\">Aldi und Lidl liefern sich Preisschlacht \u2013 doch SIE haben nichts zu lachen<\/a> +++<\/p>\n<p>Dass es sich bei den Spuren tats\u00e4chlich um Cannabis handelt, best\u00e4tigte ein Sprecher der Beh\u00f6rde f\u00fcr Lebensmittel- und Produktsicherheit (NVWA) der niederl\u00e4ndischen Nachrichtenagentur ANP nach einem entsprechenden Bericht der Zeitung \u201eHart van Nederland\u201c.\u00a0\u201eWie das Cannabis in die S\u00fc\u00dfigkeiten gelangt ist, ist bislang unbekannt. Die Polizei f\u00fchrt diesbez\u00fcglich weitere Ermittlungen durch\u201c, so der Sprecher.<\/p>\n<p>Haribo \u00e4u\u00dfert sich zu Vorfall<\/p>\n<p>Doch nicht nur die niederl\u00e4ndische Beh\u00f6rde meldete sich am Freitag (30. Mai) zu Wort. Auch Haribo selbst bedauere den Vorfall und nehme ihn \u201esehr ernst\u201c. Der bekannte Fruchtgummi-Hersteller arbeite eng mit den Beh\u00f6rden zusammen, \u201eum ihre Ermittlungen zu unterst\u00fctzen und die Fakten rund um die Verunreinigung zu ermitteln\u201c,\u00a0erkl\u00e4rte ein Sprecher des Unternehmens.<\/p>\n<p class=\"has-text-align-center\"><strong>Auch interessant<\/strong>: Themen zu Aldi<\/p>\n<p>Die niederl\u00e4ndische Beh\u00f6rde hat bereits Kunden von Aldi, Lidl und Co. vor dem Verzehr der betroffenen Colafl\u00e4schchen gewarnt. Diese k\u00f6nnten aufgrund der Cannabis-Spuren gesundheitliche Probleme ausl\u00f6sen, darunter Schwindel. Die Spuren seien in den \u201eHappy Cola\u201c-Kilot\u00fcten mit einer Mindesthaltbarkeit bis Januar 2026 gefunden worden. (mit dpa)<\/p>\n","protected":false},"excerpt":{"rendered":"Wenn Kinder und Erwachsene bei Aldi, Lidl und Co. beherzt ins S\u00fc\u00dfigkeiten-Regal greifen, haben sie nur selten ein&hellip;\n","protected":false},"author":2,"featured_media":152770,"comment_status":"","ping_status":"","sticky":false,"template":"","format":"standard","meta":{"footnotes":""},"categories":[1834],"tags":[364,3364,29,3688,30,2939,1209],"class_list":{"0":"post-152769","1":"post","2":"type-post","3":"status-publish","4":"format-standard","5":"has-post-thumbnail","7":"category-essen","8":"tag-aldi","9":"tag-de","10":"tag-deutschland","11":"tag-essen","12":"tag-germany","13":"tag-lidl","14":"tag-nordrhein-westfalen"},"share_on_mastodon":{"url":"https:\/\/pubeurope.com\/@de\/114599492587153129","error":""},"_links":{"self":[{"href":"https:\/\/www.europesays.com\/de\/wp-json\/wp\/v2\/posts\/152769","targetHints":{"allow":["GET"]}}],"collection":[{"href":"https:\/\/www.europesays.com\/de\/wp-json\/wp\/v2\/posts"}],"about":[{"href":"https:\/\/www.europesays.com\/de\/wp-json\/wp\/v2\/types\/post"}],"author":[{"embeddable":true,"href":"https:\/\/www.europesays.com\/de\/wp-json\/wp\/v2\/users\/2"}],"replies":[{"embeddable":true,"href":"https:\/\/www.europesays.com\/de\/wp-json\/wp\/v2\/comments?post=152769"}],"version-history":[{"count":0,"href":"https:\/\/www.europesays.com\/de\/wp-json\/wp\/v2\/posts\/152769\/revisions"}],"wp:featuredmedia":[{"embeddable":true,"href":"https:\/\/www.europesays.com\/de\/wp-json\/wp\/v2\/media\/152770"}],"wp:attachment":[{"href":"https:\/\/www.europesays.com\/de\/wp-json\/wp\/v2\/media?parent=152769"}],"wp:term":[{"taxonomy":"category","embeddable":true,"href":"https:\/\/www.europesays.com\/de\/wp-json\/wp\/v2\/categories?post=152769"},{"taxonomy":"post_tag","embeddable":true,"href":"https:\/\/www.europesays.com\/de\/wp-json\/wp\/v2\/tags?post=152769"}],"curies":[{"name":"wp","href":"https:\/\/api.w.org\/{rel}","templated":true}]}}