{"id":152781,"date":"2025-05-31T00:03:14","date_gmt":"2025-05-31T00:03:14","guid":{"rendered":"https:\/\/www.europesays.com\/de\/152781\/"},"modified":"2025-05-31T00:03:14","modified_gmt":"2025-05-31T00:03:14","slug":"umfrage-in-baden-wuerttemberg-arbeitgeber-elektronische-krankmeldung-sehr-fehleranfaellig-wirtschaft","status":"publish","type":"post","link":"https:\/\/www.europesays.com\/de\/152781\/","title":{"rendered":"Umfrage in Baden-W\u00fcrttemberg: Arbeitgeber: elektronische Krankmeldung sehr fehleranf\u00e4llig &#8211; Wirtschaft"},"content":{"rendered":"<p>Die Krankenst\u00e4nde sind hoch, die elektronische Arbeitsunf\u00e4higkeitsbescheinigung (eAU) sollte den Unternehmen helfen. Doch das Arbeitgeberlager \u00fcbt scharfe Kritik daran.<\/p>\n<p>Seit Januar 2023 ersetzt die elektronische Arbeitsunf\u00e4higkeitsbescheinigung (eAU) f\u00fcr gesetzlich Krankenversicherte den \u201egelben Schein\u201c \u2013 Arbeitgeber k\u00f6nnen die Krankheitsdaten der Besch\u00e4ftigten nun digital bei den Kassen abrufen. L\u00e4uft, so scheint es. Oder etwa doch nicht? Tats\u00e4chlich hakt es. Die eAU l\u00f6st bei Personalverantwortlichen noch immer Unmut aus, wie die Unternehmer Baden-W\u00fcrttemberg (UBW) festgestellt haben. Die gro\u00dfe Unzufriedenheit sei ihr zun\u00e4chst gar nicht so bewusst gewesen, sagt die zust\u00e4ndige UBW-Gesch\u00e4ftsf\u00fchrerin Ursula Strauss. Dies war der Anlass f\u00fcr die erste wohl repr\u00e4sentative Verbandsumfrage zur eAU, deren Ergebnisse unserer Zeitung vorliegen. Ein \u00dcberblick.<\/p>\n","protected":false},"excerpt":{"rendered":"Die Krankenst\u00e4nde sind hoch, die elektronische Arbeitsunf\u00e4higkeitsbescheinigung (eAU) sollte den Unternehmen helfen. Doch das Arbeitgeberlager \u00fcbt scharfe Kritik&hellip;\n","protected":false},"author":2,"featured_media":152782,"comment_status":"","ping_status":"","sticky":false,"template":"","format":"standard","meta":{"footnotes":""},"categories":[1830],"tags":[27849,1634,3364,29,54160,54159,30,54162,1441,54163,54161],"class_list":{"0":"post-152781","1":"post","2":"type-post","3":"status-publish","4":"format-standard","5":"has-post-thumbnail","7":"category-stuttgart","8":"tag-aok","9":"tag-baden-wuerttemberg","10":"tag-de","11":"tag-deutschland","12":"tag-eau","13":"tag-elektronische-arbeitsunfaehigkeitsbescheinigung","14":"tag-germany","15":"tag-krankmeldung","16":"tag-stuttgart","17":"tag-ubw","18":"tag-unternehmer-baden-wuerttemberg"},"share_on_mastodon":{"url":"https:\/\/pubeurope.com\/@de\/114599520118254443","error":""},"_links":{"self":[{"href":"https:\/\/www.europesays.com\/de\/wp-json\/wp\/v2\/posts\/152781","targetHints":{"allow":["GET"]}}],"collection":[{"href":"https:\/\/www.europesays.com\/de\/wp-json\/wp\/v2\/posts"}],"about":[{"href":"https:\/\/www.europesays.com\/de\/wp-json\/wp\/v2\/types\/post"}],"author":[{"embeddable":true,"href":"https:\/\/www.europesays.com\/de\/wp-json\/wp\/v2\/users\/2"}],"replies":[{"embeddable":true,"href":"https:\/\/www.europesays.com\/de\/wp-json\/wp\/v2\/comments?post=152781"}],"version-history":[{"count":0,"href":"https:\/\/www.europesays.com\/de\/wp-json\/wp\/v2\/posts\/152781\/revisions"}],"wp:featuredmedia":[{"embeddable":true,"href":"https:\/\/www.europesays.com\/de\/wp-json\/wp\/v2\/media\/152782"}],"wp:attachment":[{"href":"https:\/\/www.europesays.com\/de\/wp-json\/wp\/v2\/media?parent=152781"}],"wp:term":[{"taxonomy":"category","embeddable":true,"href":"https:\/\/www.europesays.com\/de\/wp-json\/wp\/v2\/categories?post=152781"},{"taxonomy":"post_tag","embeddable":true,"href":"https:\/\/www.europesays.com\/de\/wp-json\/wp\/v2\/tags?post=152781"}],"curies":[{"name":"wp","href":"https:\/\/api.w.org\/{rel}","templated":true}]}}