{"id":152787,"date":"2025-05-31T00:06:20","date_gmt":"2025-05-31T00:06:20","guid":{"rendered":"https:\/\/www.europesays.com\/de\/152787\/"},"modified":"2025-05-31T00:06:20","modified_gmt":"2025-05-31T00:06:20","slug":"polizei-fahndet-nach-taetern-nach-schuessen-in-fechenheim","status":"publish","type":"post","link":"https:\/\/www.europesays.com\/de\/152787\/","title":{"rendered":"Polizei fahndet nach T\u00e4tern nach Sch\u00fcssen in Fechenheim"},"content":{"rendered":"<p>T\u00e4ter fl\u00fcchtig <\/p>\n<p>Sch\u00fcsse in Fechenheim: Unbekannte feuern auf Wohnhaus<\/p>\n<p>30.05.2025 &#8211; 15:56 UhrLesedauer: 1 Min.<\/p>\n<p><a href=\"#focus-0\" class=\"transition-colors duration-200 focus-within:text-magenta block text-current relative\" data-sctrack=\"FocusGalleryImage.Reference\"><img fetchpriority=\"high\" data-testid=\"Opener.Image\" style=\"--lqipURL:url('https:\/\/images.t-online.de\/2025\/05\/ESoGpfj7meW1\/0x75:800x450\/fit-in\/150x0\/filters:blur(25)\/blaulichter-leuchten-hinter-einem-absperrband-der-polizei-symbolbild-nach-angaben-der-polizei-wurde-niemand-verletzt.jpg')\"   loading=\"eager\" src=\"https:\/\/www.europesays.com\/de\/wp-content\/uploads\/2025\/05\/blaulichter-leuchten-hinter-einem-absperrband-der-polizei-symbolbild-nach-angaben-der-polizei-wurde-.jpeg\" alt=\"urn:newsml:dpa.com:20090101:250530-935-620146\" title=\"urn:newsml:dpa.com:20090101:250530-935-620146\" width=\"800\" height=\"450\" class=\"bg-[url:var(--lqipURL)] bg-cover bg-center flex w-full max-w-full h-full\" decoding=\"async\"\/><img style=\"--width:32;--height:32\" loading=\"lazy\" src=\"https:\/\/www.europesays.com\/de\/wp-content\/uploads\/2025\/04\/1745049674_75_zoom-in.f7dae02f.svg.svg+xml\" alt=\"Vergr\u00f6\u00dfern des Bildes\" title=\"Vergr\u00f6\u00dfern des Bildes\" class=\"&#10;        block&#10;        h-[calc(var(--height)_\/_16_*_1rem)]&#10;        w-[calc(var(--width)_\/_16_*_1rem)]&#10;        max-w-none&#10;        absolute bottom-8 right-8 rounded-4 bg-snow p-8\" decoding=\"async\"\/><\/a><\/p>\n<p>Blaulichter leuchten hinter einem Absperrband der Polizei (Symbolbild): Nach Angaben der Polizei wurde niemand verletzt. (Quelle: David Young)<\/p>\n<p class=\"font-bold text-18 leading-17\">Sch\u00fcsse ersch\u00fcttern Fechenheim: Unbekannte T\u00e4ter feuerten auf ein Wohnhaus. Niemand wurde verletzt, die Polizei sucht noch Details und T\u00e4ter.<\/p>\n<p class=\"text-18 leading-17\">Im Frankfurter Stadtteil Fechenheim sind am fr\u00fchen Freitagmorgen (30.Mai) Sch\u00fcsse auf ein Wohnhaus abgegeben worden. Laut ersten Erkenntnissen der Polizei fielen die Sch\u00fcsse aus einer Gruppe mehrerer Personen heraus. Anschlie\u00dfend seien die mutma\u00dflichen T\u00e4ter mit einem Auto, das ein Kennzeichen aus Offenbach trug, gefl\u00fcchtet. Verletzt wurde niemand, wie das Polizeipr\u00e4sidium Frankfurt am Main mitteilte.<\/p>\n<p class=\"text-18 leading-17\">Die Kriminalpolizei hat die Ermittlungen aufgenommen und sichert derzeit Spuren am Tatort. Weitere Details hat die Polizei zun\u00e4chst nicht bekanntgeben.<\/p>\n","protected":false},"excerpt":{"rendered":"T\u00e4ter fl\u00fcchtig Sch\u00fcsse in Fechenheim: Unbekannte feuern auf Wohnhaus 30.05.2025 &#8211; 15:56 UhrLesedauer: 1 Min. Blaulichter leuchten hinter&hellip;\n","protected":false},"author":2,"featured_media":152788,"comment_status":"","ping_status":"","sticky":false,"template":"","format":"standard","meta":{"footnotes":""},"categories":[1829],"tags":[2072,1950,29,54164,2050,2051,30,2052,121],"class_list":{"0":"post-152787","1":"post","2":"type-post","3":"status-publish","4":"format-standard","5":"has-post-thumbnail","7":"category-frankfurt-am-main","8":"tag-2072","9":"tag-blaulicht","10":"tag-deutschland","11":"tag-fechenheim","12":"tag-frankfurt","13":"tag-frankfurt-am-main","14":"tag-germany","15":"tag-hessen","16":"tag-polizei"},"share_on_mastodon":{"url":"https:\/\/pubeurope.com\/@de\/114599531943332618","error":""},"_links":{"self":[{"href":"https:\/\/www.europesays.com\/de\/wp-json\/wp\/v2\/posts\/152787","targetHints":{"allow":["GET"]}}],"collection":[{"href":"https:\/\/www.europesays.com\/de\/wp-json\/wp\/v2\/posts"}],"about":[{"href":"https:\/\/www.europesays.com\/de\/wp-json\/wp\/v2\/types\/post"}],"author":[{"embeddable":true,"href":"https:\/\/www.europesays.com\/de\/wp-json\/wp\/v2\/users\/2"}],"replies":[{"embeddable":true,"href":"https:\/\/www.europesays.com\/de\/wp-json\/wp\/v2\/comments?post=152787"}],"version-history":[{"count":0,"href":"https:\/\/www.europesays.com\/de\/wp-json\/wp\/v2\/posts\/152787\/revisions"}],"wp:featuredmedia":[{"embeddable":true,"href":"https:\/\/www.europesays.com\/de\/wp-json\/wp\/v2\/media\/152788"}],"wp:attachment":[{"href":"https:\/\/www.europesays.com\/de\/wp-json\/wp\/v2\/media?parent=152787"}],"wp:term":[{"taxonomy":"category","embeddable":true,"href":"https:\/\/www.europesays.com\/de\/wp-json\/wp\/v2\/categories?post=152787"},{"taxonomy":"post_tag","embeddable":true,"href":"https:\/\/www.europesays.com\/de\/wp-json\/wp\/v2\/tags?post=152787"}],"curies":[{"name":"wp","href":"https:\/\/api.w.org\/{rel}","templated":true}]}}