{"id":152826,"date":"2025-05-31T00:28:11","date_gmt":"2025-05-31T00:28:11","guid":{"rendered":"https:\/\/www.europesays.com\/de\/152826\/"},"modified":"2025-05-31T00:28:11","modified_gmt":"2025-05-31T00:28:11","slug":"naechstes-macos-unterstuetzt-angeblich-nur-noch-wenige-intel-macs","status":"publish","type":"post","link":"https:\/\/www.europesays.com\/de\/152826\/","title":{"rendered":"N\u00e4chstes macOS unterst\u00fctzt angeblich nur noch wenige Intel-Macs"},"content":{"rendered":"<p>Apples n\u00e4chstes Mac-Betriebssystem l\u00e4uft einem Bericht zufolge weiterhin auf Intel-Macs, allerdings zum ersten Mal nicht mehr auf allen Modellreihen. F\u00fcr MacBook Air und Mac mini gilt den Angaben zufolge ein Ger\u00e4t mit M1-Chip (ab Baujahr Herbst 2020) als Mindestvoraussetzung, um das gew\u00f6hnlich im September oder Oktober erscheinende System-Upgrade zu installieren.<\/p>\n<p>Apple zeigt n\u00e4chste macOS-Version auf der WWDC<\/p>\n<p>Eine Vorabversion von macOS 16 respektive macOS 26 f\u00fchrt <a href=\"https:\/\/appleinsider.com\/articles\/25\/05\/28\/macos-26-may-not-support-2018-macbook-pros-2019-imacs-or-the-imac-pro\" rel=\"external noopener\" target=\"_blank\">nach Informationen von Appleinsider<\/a> nur noch bestimmte Intel-Macs als kompatibel auf, n\u00e4mlich das MacBook Pro ab Baujahr 2019, den 5K-iMac 2020 sowie den Mac Pro 2019. MacBook Air 2019 und Fr\u00fchjahr 2020 sowie Mac mini 2018 sind nicht mit aufgelistet. Ob diese Liste allerdings schon final ist, bleibt vorerst offen. Apple stellt die n\u00e4chste macOS-Version <a href=\"https:\/\/www.heise.de\/news\/WWDC25-Special-Event-am-Pfingstmontag-um-19-Uhr-10390587.html\" target=\"_blank\" rel=\"noopener\">am 9. Juni auf der WWDC-Keynote<\/a> vor und ver\u00f6ffentlicht im Anschluss eine erste Entwickler-Beta. Dann d\u00fcrften auch die konkreten Systemvoraussetzungen genannt werden.<\/p>\n<p>Entsprechend darf man spekulieren, dass das anschlie\u00dfende macOS 17 \/ 27 die erste Version wird, die rein auf ARM-Macs l\u00e4uft. Den x86-Support w\u00fcrde Apple damit sechs Jahre nach dem Beginn des gro\u00dfen Umstiegs auf hauseigene Prozessoren beenden. Macs stuft Apple generell f\u00fcnf Jahre nach dem Verkaufsende als &#8222;Vintage&#8220; ein, das ist die Vorstufe zum &#8222;Obsolet&#8220;-Status, der nach sieben Jahren greift. Ist letzterer erreicht, bietet der Hersteller keine Originalersatzteile und Reparaturdienstleistungen mehr an. <a href=\"https:\/\/www.heise.de\/news\/Letzter-Mac-mini-mit-Intel-Chip-fuer-Apple-jetzt-Vintage-10354702.html\" target=\"_blank\" rel=\"noopener\">Hardware wie der Mac mini 2018 klassifiziert Apple bereits als &#8222;Vintage&#8220;<\/a>, die meisten noch verbliebenen Intel-Macs d\u00fcrften bald folgen.<\/p>\n<p>Nur neuestes macOS stopft alle Sicherheitsl\u00fccken<\/p>\n<p>Zwar liefert Apple parallel weiterhin Sicherheits-Patches f\u00fcr die jeweils zwei vorausgehenden macOS-Versionen, allerdings schlie\u00dfen diese l\u00e4ngst nicht mehr alle bekannten Sicherheitsl\u00fccken \u2013 das erledigt nur die allerneueste Version des Betriebssystems. Ein konkretes wie verbindliches Versprechen f\u00fcr einen Zeitraum, in dem Updates und Patches erfolgen, gibt es bei Apple bislang nicht.<\/p>\n<p>(<a class=\"redakteurskuerzel__link\" href=\"https:\/\/www.heise.de\/news\/mailto:lbe@heise.de\" title=\"Leo Becker\" target=\"_blank\" rel=\"noopener\">lbe<\/a>)<\/p>\n<p>\n      Dieser Link ist leider nicht mehr g\u00fcltig.\n    <\/p>\n<p>Links zu verschenkten Artikeln werden ung\u00fcltig,<br \/>\n      wenn diese \u00e4lter als 7\u00a0Tage sind oder zu oft aufgerufen wurden.\n    <\/p>\n<p><strong>Sie ben\u00f6tigen ein heise+ Paket, um diesen Artikel zu lesen. Jetzt eine Woche unverbindlich testen \u2013 ohne Verpflichtung!<\/strong><\/p>\n","protected":false},"excerpt":{"rendered":"Apples n\u00e4chstes Mac-Betriebssystem l\u00e4uft einem Bericht zufolge weiterhin auf Intel-Macs, allerdings zum ersten Mal nicht mehr auf allen&hellip;\n","protected":false},"author":2,"featured_media":152827,"comment_status":"","ping_status":"","sticky":false,"template":"","format":"standard","meta":{"footnotes":""},"categories":[135],"tags":[231,29,30,19229,196,10105,36725,54167,1277,53521,1273,190,189,194,191,193,192,54168],"class_list":{"0":"post-152826","1":"post","2":"type-post","3":"status-publish","4":"format-standard","5":"has-post-thumbnail","7":"category-wissenschaft-technik","8":"tag-apple","9":"tag-deutschland","10":"tag-germany","11":"tag-intel","12":"tag-it","13":"tag-mac","14":"tag-mac-mini","15":"tag-macbook-air","16":"tag-macos","17":"tag-macos-26","18":"tag-mobiles","19":"tag-science","20":"tag-science-technology","21":"tag-technik","22":"tag-technology","23":"tag-wissenschaft","24":"tag-wissenschaft-technik","25":"tag-x86"},"share_on_mastodon":{"url":"https:\/\/pubeurope.com\/@de\/114599618546571635","error":""},"_links":{"self":[{"href":"https:\/\/www.europesays.com\/de\/wp-json\/wp\/v2\/posts\/152826","targetHints":{"allow":["GET"]}}],"collection":[{"href":"https:\/\/www.europesays.com\/de\/wp-json\/wp\/v2\/posts"}],"about":[{"href":"https:\/\/www.europesays.com\/de\/wp-json\/wp\/v2\/types\/post"}],"author":[{"embeddable":true,"href":"https:\/\/www.europesays.com\/de\/wp-json\/wp\/v2\/users\/2"}],"replies":[{"embeddable":true,"href":"https:\/\/www.europesays.com\/de\/wp-json\/wp\/v2\/comments?post=152826"}],"version-history":[{"count":0,"href":"https:\/\/www.europesays.com\/de\/wp-json\/wp\/v2\/posts\/152826\/revisions"}],"wp:featuredmedia":[{"embeddable":true,"href":"https:\/\/www.europesays.com\/de\/wp-json\/wp\/v2\/media\/152827"}],"wp:attachment":[{"href":"https:\/\/www.europesays.com\/de\/wp-json\/wp\/v2\/media?parent=152826"}],"wp:term":[{"taxonomy":"category","embeddable":true,"href":"https:\/\/www.europesays.com\/de\/wp-json\/wp\/v2\/categories?post=152826"},{"taxonomy":"post_tag","embeddable":true,"href":"https:\/\/www.europesays.com\/de\/wp-json\/wp\/v2\/tags?post=152826"}],"curies":[{"name":"wp","href":"https:\/\/api.w.org\/{rel}","templated":true}]}}