{"id":152911,"date":"2025-05-31T01:18:10","date_gmt":"2025-05-31T01:18:10","guid":{"rendered":"https:\/\/www.europesays.com\/de\/152911\/"},"modified":"2025-05-31T01:18:10","modified_gmt":"2025-05-31T01:18:10","slug":"gruene-wollen-bundesgartenschau-2041-nach-bremen-holen","status":"publish","type":"post","link":"https:\/\/www.europesays.com\/de\/152911\/","title":{"rendered":"Gr\u00fcne wollen Bundesgartenschau 2041 nach Bremen holen"},"content":{"rendered":"<p>&#13;<br \/>\n            Bremen. Das Land Bremen soll nach dem Willen der Gr\u00fcnen erstmals Austragungsort einer Bundesgartenschau (Buga) werden. Ziel sei eine Bewerbung f\u00fcr 2041, teilte die Partei mit. Als Standorte k\u00e4men Bremerhaven und Bremen-Nord in Betracht. In einem Antragsentwurf wolle die B\u00fcrgerschaftsfraktion den Senat um ein Konzept daf\u00fcr bitten. <\/p>\n<p>\u201eBremen verf\u00fcgt mit der Weser und der N\u00e4he zur Nordsee, mit vielen gro\u00dfen und kleinen Gr\u00fcn- und Freifl\u00e4chen \u00fcber ideale Voraussetzungen, die Buga 2041 auszurichten\u201c, sagte Michael Labetzke, Sprecher f\u00fcr Bremerhaven in der Gr\u00fcnen-B\u00fcrgerschaftsfraktion, laut Mitteilung. Dass sie nach dem Willen seiner Partei erst in 16 Jahren stattfinden soll, begr\u00fcndete er mit dem \u201emehrj\u00e4hrigen Planungshorizont einer Buga von zehn bis 15 Jahren\u201c. <\/p>\n<p>Bremen war bisher noch nie Ausrichter einer Bundesgartenschau. Auf eine Bewerbung f\u00fcr 2001 war 1995 aufgrund von Meinungsverschiedenheiten im Senat verzichtet worden. Zuletzt hatte die CDU im B\u00fcrgerschaftswahlkampf 2023 eine Bewerbung um die Bundesgartenschau angeregt. <\/p>\n","protected":false},"excerpt":{"rendered":"&#13; Bremen. Das Land Bremen soll nach dem Willen der Gr\u00fcnen erstmals Austragungsort einer Bundesgartenschau (Buga) werden. Ziel&hellip;\n","protected":false},"author":2,"featured_media":152912,"comment_status":"","ping_status":"","sticky":false,"template":"","format":"standard","meta":{"footnotes":""},"categories":[1824],"tags":[2420,3364,29,2507,30,6237],"class_list":{"0":"post-152911","1":"post","2":"type-post","3":"status-publish","4":"format-standard","5":"has-post-thumbnail","7":"category-bremen","8":"tag-bremen","9":"tag-de","10":"tag-deutschland","11":"tag-freizeit","12":"tag-germany","13":"tag-natur"},"share_on_mastodon":{"url":"https:\/\/pubeurope.com\/@de\/114599815012084519","error":""},"_links":{"self":[{"href":"https:\/\/www.europesays.com\/de\/wp-json\/wp\/v2\/posts\/152911","targetHints":{"allow":["GET"]}}],"collection":[{"href":"https:\/\/www.europesays.com\/de\/wp-json\/wp\/v2\/posts"}],"about":[{"href":"https:\/\/www.europesays.com\/de\/wp-json\/wp\/v2\/types\/post"}],"author":[{"embeddable":true,"href":"https:\/\/www.europesays.com\/de\/wp-json\/wp\/v2\/users\/2"}],"replies":[{"embeddable":true,"href":"https:\/\/www.europesays.com\/de\/wp-json\/wp\/v2\/comments?post=152911"}],"version-history":[{"count":0,"href":"https:\/\/www.europesays.com\/de\/wp-json\/wp\/v2\/posts\/152911\/revisions"}],"wp:featuredmedia":[{"embeddable":true,"href":"https:\/\/www.europesays.com\/de\/wp-json\/wp\/v2\/media\/152912"}],"wp:attachment":[{"href":"https:\/\/www.europesays.com\/de\/wp-json\/wp\/v2\/media?parent=152911"}],"wp:term":[{"taxonomy":"category","embeddable":true,"href":"https:\/\/www.europesays.com\/de\/wp-json\/wp\/v2\/categories?post=152911"},{"taxonomy":"post_tag","embeddable":true,"href":"https:\/\/www.europesays.com\/de\/wp-json\/wp\/v2\/tags?post=152911"}],"curies":[{"name":"wp","href":"https:\/\/api.w.org\/{rel}","templated":true}]}}