{"id":152936,"date":"2025-05-31T01:32:15","date_gmt":"2025-05-31T01:32:15","guid":{"rendered":"https:\/\/www.europesays.com\/de\/152936\/"},"modified":"2025-05-31T01:32:15","modified_gmt":"2025-05-31T01:32:15","slug":"wandergesellen-besuchen-koeln-traditionell-in-kluft-unterwegs","status":"publish","type":"post","link":"https:\/\/www.europesays.com\/de\/152936\/","title":{"rendered":"Wandergesellen besuchen K\u00f6ln \u2013 Traditionell in Kluft unterwegs"},"content":{"rendered":"<p>Domstadt empf\u00e4ngt rund 400 HandwerkerWandergesellen besuchen K\u00f6ln \u2013 Traditionell in Kluft unterwegs<\/p>\n<p>03:38 min<\/p>\n<p>Handwerker lieben ihre Tradition<\/p>\n<p>Gesellen in K\u00f6ln auf der Walz<\/p>\n<p>30. Mai 2025 um 18:38 Uhr<\/p>\n<p>von <strong>Patricia Brinkmann<\/strong><\/p>\n<p class=\"Typography_text-default__wldUd Typography_align-left__koBUM AnnotatedMarkup_paragraph__IUT9l\">Rund 400 Gesellen haben sich am Freitag (30.05.) in K\u00f6ln getroffen. Einheimische und Reisende waren dabei. Sie haben uns von der Tradition und ihren Erfahrungen berichtet.<\/p>\n<p>Wandergesellen laufen durch K\u00f6ln<\/p>\n<p class=\"Typography_text-default__wldUd Typography_align-left__koBUM AnnotatedMarkup_paragraph__IUT9l\">Arbeiten, reisen, Erfahrungen sammeln &#8211; das haben Wandergesellen gemeinsam. Manche sind aktuell unterwegs. Andere haben die Zeit schon hinter sich. Am Donnerstag (29.05.) gab es f\u00fcr die Handwerker das traditionelle Himmelfahrtstreffen. Das ist jedes Jahr in einer anderen Stadt. Am Freitag (30.05.) marschierten Einheimische und Reisende zum historischen Rathaus in K\u00f6ln. Das Zusammenkommen mit so vielen Gleichgesinnten ist f\u00fcr Zimmermann Axel Sander ein echtes Highlight: \u201eEs ist unglaublich sch\u00f6n. Einfach die ganzen Freunde und Kameraden aus der Zeit der Jugend wiederzusehen und hier die M\u00f6glichkeit zu haben, sie dann einfach nochmal zu sprechen. Sich auszutauschen \u00fcber das, was das Leben nach der Wanderschaft so mit sich gebracht hat. Unglaublich, unvorstellbar sch\u00f6n.\u201c<\/p>\n<p>Handwerker verlassen f\u00fcr die Walz mehrere Jahre ihr Zuhause<\/p>\n<p class=\"Typography_text-default__wldUd Typography_align-left__koBUM AnnotatedMarkup_paragraph__IUT9l\">Gesellen verlassen f\u00fcr mindestens drei Jahre und einen Tag ihre Heimat. Auch der Umkreis von 50 Kilometern ist tabu. Felix Thiele aus Kerpen hat das zwei Jahre nach seiner Ausbildung gemacht. Er war sogar viereinhalb Jahre unterwegs. Dabei hatte der Dachdecker nur das N\u00f6tigste. Ein Handy mitzunehmen, erlaubt die Tradition nicht. Wer auf der Walz Arbeit findet, darf dort bis zu sechs Monate bleiben. Felix Thiele hat viele L\u00e4nder bereist. Haupts\u00e4chlich zu Fu\u00df. Er erinnert sich gerne zur\u00fcck: \u201eAfrika war grandios. Wenn man sich abends hingelegt hat &#8211; mitten in die Steppe &#8211; konnte man den ganzen Sternenhimmel sehen: die Milchstra\u00dfe. Und ich habe das nie wieder so in meinem Leben gehabt, dass man das so klar sehen konnte, wie an diesem Punkt. Das war grandios. Ansonsten waren es jede Menge Erfahrungen auch in anderen L\u00e4ndern. Ich war in Japan genau zu Hanami zur Kirschbl\u00fctenzeit und bin da durch ein Tal gewandert und alles war rosa.\u201c Mehr dazu erfahrt ihr im Video!<\/p>\n","protected":false},"excerpt":{"rendered":"Domstadt empf\u00e4ngt rund 400 HandwerkerWandergesellen besuchen K\u00f6ln \u2013 Traditionell in Kluft unterwegs 03:38 min Handwerker lieben ihre Tradition&hellip;\n","protected":false},"author":2,"featured_media":152937,"comment_status":"","ping_status":"","sticky":false,"template":"","format":"standard","meta":{"footnotes":""},"categories":[1828],"tags":[29,30,1420,5827,5828,1209,5830,5829,5825,5826,5824],"class_list":{"0":"post-152936","1":"post","2":"type-post","3":"status-publish","4":"format-standard","5":"has-post-thumbnail","7":"category-koeln","8":"tag-deutschland","9":"tag-germany","10":"tag-koeln","11":"tag-nachrichten-nrw","12":"tag-news-nrw","13":"tag-nordrhein-westfalen","14":"tag-regionale-nachrichten-nrw","15":"tag-rtl-nachrichten-nrw","16":"tag-rtl-nrw","17":"tag-rtl-regional","18":"tag-rtl-west"},"share_on_mastodon":{"url":"https:\/\/pubeurope.com\/@de\/114599870107685498","error":""},"_links":{"self":[{"href":"https:\/\/www.europesays.com\/de\/wp-json\/wp\/v2\/posts\/152936","targetHints":{"allow":["GET"]}}],"collection":[{"href":"https:\/\/www.europesays.com\/de\/wp-json\/wp\/v2\/posts"}],"about":[{"href":"https:\/\/www.europesays.com\/de\/wp-json\/wp\/v2\/types\/post"}],"author":[{"embeddable":true,"href":"https:\/\/www.europesays.com\/de\/wp-json\/wp\/v2\/users\/2"}],"replies":[{"embeddable":true,"href":"https:\/\/www.europesays.com\/de\/wp-json\/wp\/v2\/comments?post=152936"}],"version-history":[{"count":0,"href":"https:\/\/www.europesays.com\/de\/wp-json\/wp\/v2\/posts\/152936\/revisions"}],"wp:featuredmedia":[{"embeddable":true,"href":"https:\/\/www.europesays.com\/de\/wp-json\/wp\/v2\/media\/152937"}],"wp:attachment":[{"href":"https:\/\/www.europesays.com\/de\/wp-json\/wp\/v2\/media?parent=152936"}],"wp:term":[{"taxonomy":"category","embeddable":true,"href":"https:\/\/www.europesays.com\/de\/wp-json\/wp\/v2\/categories?post=152936"},{"taxonomy":"post_tag","embeddable":true,"href":"https:\/\/www.europesays.com\/de\/wp-json\/wp\/v2\/tags?post=152936"}],"curies":[{"name":"wp","href":"https:\/\/api.w.org\/{rel}","templated":true}]}}