{"id":152960,"date":"2025-05-31T01:46:11","date_gmt":"2025-05-31T01:46:11","guid":{"rendered":"https:\/\/www.europesays.com\/de\/152960\/"},"modified":"2025-05-31T01:46:11","modified_gmt":"2025-05-31T01:46:11","slug":"diese-gaeste-verbreiten-am-1-juni-2025-sommer-feeling-fernsehserien-de","status":"publish","type":"post","link":"https:\/\/www.europesays.com\/de\/152960\/","title":{"rendered":"Diese G\u00e4ste verbreiten am 1. Juni 2025 \u201eSommer-Feeling\u201c \u2013 fernsehserien.de"},"content":{"rendered":"<p>Anfang des Monats ist der <a href=\"https:\/\/www.fernsehserien.de\/zdf-fernsehgarten\" data-type=\"sendung\" data-event-category=\"textlink-serie\" rel=\"nofollow noopener\" target=\"_blank\">\u201eZDF-Fernsehgarten\u201c<\/a> in die neue Saison gestartet. Bis Ende September wird <a href=\"https:\/\/www.fernsehserien.de\/andrea-kiewel\/filmografie\" data-type=\"person\" data-event-category=\"textlink-person\" rel=\"nofollow noopener\" target=\"_blank\">Andrea Kiewel<\/a> nun w\u00f6chentlich gegen 12\u00a0Uhr mit der Open-Air-Show live auf dem Mainzer Lerchenberg auf Sendung gehen. Die Fans d\u00fcrfen sich wieder auf die bew\u00e4hrte Mischung aus Musik, Tanz, Artistik, Comedy, Spielen, Service-Tipps, Rekordversuchen und spektakul\u00e4ren Aktionen freuen. Am Sonntag, den <strong>1. Juni<\/strong> steht alles unter dem Motto \u201eSommer-Feeling\u201c.<\/p>\n<p>Unterst\u00fctzt wird Andrea Kiewel diesmal vom beliebten Schauspieler <a href=\"https:\/\/www.fernsehserien.de\/hans-sigl\/filmografie\" data-type=\"person\" data-event-category=\"textlink-person\" rel=\"nofollow noopener\" target=\"_blank\">Hans Sigl<\/a>. Zwei gro\u00dfe <a href=\"https:\/\/www.fernsehserien.de\/der-bergdoktor\" data-type=\"sendung\" data-event-category=\"textlink-serie\" rel=\"nofollow noopener\" target=\"_blank\">\u201eBergdoktor\u201c<\/a>-Fans k\u00e4mpfen in actionreichen Spielrunden um einen Setbesuch in Ellmau. Daneben sind Garten-Tipps, Artistik und Matcha-Rezepte angek\u00fcndigt.<\/p>\n<p>Auf der B\u00fchne stehen unter anderem der legend\u00e4re Italopop-S\u00e4nger <a href=\"https:\/\/www.fernsehserien.de\/pupo\/filmografie\" data-type=\"person\" data-event-category=\"textlink-person\" rel=\"nofollow noopener\" target=\"_blank\">Pupo<\/a> (\u201eSu di noi\u201c), die Schlagerstars <a href=\"https:\/\/www.fernsehserien.de\/linda-hesse\/filmografie\" data-type=\"person\" data-event-category=\"textlink-person\" rel=\"nofollow noopener\" target=\"_blank\">Linda Hesse<\/a> und <a href=\"https:\/\/www.fernsehserien.de\/tim-peters\/filmografie\" data-type=\"person\" data-event-category=\"textlink-person\" rel=\"nofollow noopener\" target=\"_blank\">Tim Peters<\/a>, der britische Singer-Songwriter <a href=\"https:\/\/www.fernsehserien.de\/chris-de-sarandy\/filmografie\" data-type=\"person\" data-event-category=\"textlink-person\" rel=\"nofollow noopener\" target=\"_blank\">Chris de Sarandy<\/a> sowie <a href=\"https:\/\/www.fernsehserien.de\/santiano\/filmografie\" data-type=\"person\" data-event-category=\"textlink-person\" rel=\"nofollow noopener\" target=\"_blank\">Santiano<\/a>-Mitglied <a href=\"https:\/\/www.fernsehserien.de\/hans-timm-timsen-hinrichsen\/filmografie\" data-type=\"person\" data-event-category=\"textlink-person\" rel=\"nofollow noopener\" target=\"_blank\">Timsen<\/a>. F\u00fcr Partystimmung sorgen au\u00dferdem die \u00f6sterreichische Band <a href=\"https:\/\/www.fernsehserien.de\/die-draufgaenger\/filmografie\" data-type=\"person\" data-event-category=\"textlink-person\" rel=\"nofollow noopener\" target=\"_blank\">Die Draufg\u00e4nger<\/a> sowie die Eurodance-Formation <a href=\"https:\/\/www.fernsehserien.de\/la-bouche\/filmografie\" data-type=\"person\" data-event-category=\"textlink-person\" rel=\"nofollow noopener\" target=\"_blank\">La Bouche<\/a> feat. <a href=\"https:\/\/www.fernsehserien.de\/natascha-wright\/filmografie\" data-type=\"person\" data-event-category=\"textlink-person\" rel=\"nofollow noopener\" target=\"_blank\">Natascha Wright<\/a>. Besondere Duette gibt es dar\u00fcber hinaus von <a href=\"https:\/\/www.fernsehserien.de\/julia-kautz\/filmografie\" data-type=\"person\" data-event-category=\"textlink-person\" rel=\"nofollow noopener\" target=\"_blank\">Julia Kautz<\/a> &amp; <a href=\"https:\/\/www.fernsehserien.de\/fiona-erdmann\/filmografie\" data-type=\"person\" data-event-category=\"textlink-person\" rel=\"nofollow noopener\" target=\"_blank\">Fiona Erdmann<\/a>,\u00a0<a href=\"https:\/\/www.fernsehserien.de\/alexander-eder\/filmografie\" data-type=\"person\" data-event-category=\"textlink-person\" rel=\"nofollow noopener\" target=\"_blank\">Alexander Eder<\/a> &amp; <a href=\"https:\/\/www.fernsehserien.de\/rian\/filmografie\" data-type=\"person\" data-event-category=\"textlink-person\" rel=\"nofollow noopener\" target=\"_blank\">Rian<\/a> sowie <a href=\"https:\/\/www.fernsehserien.de\/karsten-walter\/filmografie\" data-type=\"person\" data-event-category=\"textlink-person\" rel=\"nofollow noopener\" target=\"_blank\">Karsten Walter<\/a> &amp; Coach Bennet zu h\u00f6ren.<\/p>\n<p>Am <strong>8. Juni<\/strong> wird im \u201eFernsehgarten\u201c ein Vintage-Flohmarkt veranstaltet. Zu Gast sind dann unter anderem die K\u00f6lsche Band <a href=\"https:\/\/www.fernsehserien.de\/brings\/filmografie\" data-type=\"person\" data-event-category=\"textlink-person\" rel=\"nofollow noopener\" target=\"_blank\">Brings<\/a>, <a href=\"https:\/\/www.fernsehserien.de\/jimmy-kelly\/filmografie\" data-type=\"person\" data-event-category=\"textlink-person\" rel=\"nofollow noopener\" target=\"_blank\">Jimmy Kelly<\/a> &amp; The Streetorchestra, <a href=\"https:\/\/www.fernsehserien.de\/marianne-neumann\/filmografie\" data-type=\"person\" data-event-category=\"textlink-person\" rel=\"nofollow noopener\" target=\"_blank\">Marianne Neumann<\/a>, <a href=\"https:\/\/www.fernsehserien.de\/florian-kuenstler\/filmografie\" data-type=\"person\" data-event-category=\"textlink-person\" rel=\"nofollow noopener\" target=\"_blank\">Florian K\u00fcnstler<\/a>, <a href=\"https:\/\/www.fernsehserien.de\/sarah-zucker\/filmografie\" data-type=\"person\" data-event-category=\"textlink-person\" rel=\"nofollow noopener\" target=\"_blank\">Sarah Zucker<\/a>, <a href=\"https:\/\/www.fernsehserien.de\/joey-heindle\/filmografie\" data-type=\"person\" data-event-category=\"textlink-person\" rel=\"nofollow noopener\" target=\"_blank\">Joey Heindle<\/a>, <a href=\"https:\/\/www.fernsehserien.de\/pia-sophie\/filmografie\" data-type=\"person\" data-event-category=\"textlink-person\" rel=\"nofollow noopener\" target=\"_blank\">Pia-Sophie<\/a> &amp; <a href=\"https:\/\/www.fernsehserien.de\/daniel-lopes\/filmografie\" data-type=\"person\" data-event-category=\"textlink-person\" rel=\"nofollow noopener\" target=\"_blank\">Daniel Lopes<\/a> sowie Schauspielerin <a href=\"https:\/\/www.fernsehserien.de\/susan-sideropoulos\/filmografie\" data-type=\"person\" data-event-category=\"textlink-person\" rel=\"nofollow noopener\" target=\"_blank\">Susan Sideropoulos<\/a>.<\/p>\n<p>Am <strong>15. Juni<\/strong> steht eine ganz besondere Ausgabe an, denn Andrea Kiewel feiert ihr 25-j\u00e4hriges Moderationsjubil\u00e4um beim \u201eFernsehgarten\u201c. Seit dem Jahr 2000 pr\u00e4sentiert \u201eKiwi\u201c nun schon die \u201eSamstagabendshow am Sonntagmittag\u201c (abz\u00fcglich einem Jahr \u201eZwangspause\u201c aus bekannten Gr\u00fcnden). Zu Ehren der Moderatorin haben sich besonders hochkar\u00e4tige G\u00e4ste angek\u00fcndigt: Die Schlagerlegenden <a href=\"https:\/\/www.fernsehserien.de\/katja-ebstein\/filmografie\" data-type=\"person\" data-event-category=\"textlink-person\" rel=\"nofollow noopener\" target=\"_blank\">Katja Ebstein<\/a>, <a href=\"https:\/\/www.fernsehserien.de\/marianne-rosenberg\/filmografie\" data-type=\"person\" data-event-category=\"textlink-person\" rel=\"nofollow noopener\" target=\"_blank\">Marianne Rosenberg<\/a> und <a href=\"https:\/\/www.fernsehserien.de\/guildo-horn\/filmografie\" data-type=\"person\" data-event-category=\"textlink-person\" rel=\"nofollow noopener\" target=\"_blank\">Guildo Horn<\/a> &amp; <a href=\"https:\/\/www.fernsehserien.de\/die-orthopaedischen-struempfe\/filmografie\" data-type=\"person\" data-event-category=\"textlink-person\" rel=\"nofollow noopener\" target=\"_blank\">Die Orthop\u00e4dischen Str\u00fcmpfe<\/a>. Dar\u00fcber hinaus werden die deutsch-spanische Popband <a href=\"https:\/\/www.fernsehserien.de\/marquess\/filmografie\" data-type=\"person\" data-event-category=\"textlink-person\" rel=\"nofollow noopener\" target=\"_blank\">Marquess<\/a>, Rapper <a href=\"https:\/\/www.fernsehserien.de\/eko-fresh\/filmografie\" data-type=\"person\" data-event-category=\"textlink-person\" rel=\"nofollow noopener\" target=\"_blank\">Eko Fresh<\/a> und <a href=\"https:\/\/www.fernsehserien.de\/heute-show\" data-type=\"sendung\" data-event-category=\"textlink-serie\" rel=\"nofollow noopener\" target=\"_blank\">\u201eheute-show\u201c<\/a>-Reporter <a href=\"https:\/\/www.fernsehserien.de\/lutz-van-der-horst\/filmografie\" data-type=\"person\" data-event-category=\"textlink-person\" rel=\"nofollow noopener\" target=\"_blank\">Lutz van der Horst<\/a> dabei sein, w\u00e4hrend <a href=\"https:\/\/www.fernsehserien.de\/joachim-llambi\/filmografie\" data-type=\"person\" data-event-category=\"textlink-person\" rel=\"nofollow noopener\" target=\"_blank\">Joachim Llambi<\/a>, <a href=\"https:\/\/www.fernsehserien.de\/rene-casselly\/filmografie\" data-type=\"person\" data-event-category=\"textlink-person\" rel=\"nofollow noopener\" target=\"_blank\">Ren\u00e9 Casselly<\/a> und <a href=\"https:\/\/www.fernsehserien.de\/kathrin-menzinger\/filmografie\" data-type=\"person\" data-event-category=\"textlink-person\" rel=\"nofollow noopener\" target=\"_blank\">Kathrin Menzinger<\/a> <a href=\"https:\/\/www.fernsehserien.de\/lets-dance\" data-type=\"sendung\" data-event-category=\"textlink-serie\" rel=\"nofollow noopener\" target=\"_blank\">\u201eLet\u2019s Dance\u201c<\/a>-Feeling verspr\u00fchen.<\/p>\n<p>Auch nach inzwischen vier Jahrzehnten erfreut sich die w\u00f6chentliche Live-Sendung mit Andrea Kiewel und ihrem abwechslungsreichen Showprogramm immer noch gro\u00dfer Beliebtheit und beschert dem ZDF tolle Einschaltquoten. Besonders gefragt war die Ausgabe mit dem Motto \u201eSchlagerDARTen\u201c vom vergangenen Sonntag (25. Mai). Mit 1,88 Millionen Zuschauern und 17,8 Prozent Marktanteil handelte es sich um die bislang erfolgreichste Ausgabe der diesj\u00e4hrigen Staffel.<\/p>\n","protected":false},"excerpt":{"rendered":"Anfang des Monats ist der \u201eZDF-Fernsehgarten\u201c in die neue Saison gestartet. Bis Ende September wird Andrea Kiewel nun&hellip;\n","protected":false},"author":2,"featured_media":152961,"comment_status":"","ping_status":"","sticky":false,"template":"","format":"standard","meta":{"footnotes":""},"categories":[1773],"tags":[29,214,2617,30,15,471,1780,2618,215],"class_list":{"0":"post-152960","1":"post","2":"type-post","3":"status-publish","4":"format-standard","5":"has-post-thumbnail","7":"category-serien","8":"tag-deutschland","9":"tag-entertainment","10":"tag-fernsehserien","11":"tag-germany","12":"tag-news","13":"tag-serien","14":"tag-series","15":"tag-tv-serien","16":"tag-unterhaltung"},"share_on_mastodon":{"url":"https:\/\/pubeurope.com\/@de\/114599925015639141","error":""},"_links":{"self":[{"href":"https:\/\/www.europesays.com\/de\/wp-json\/wp\/v2\/posts\/152960","targetHints":{"allow":["GET"]}}],"collection":[{"href":"https:\/\/www.europesays.com\/de\/wp-json\/wp\/v2\/posts"}],"about":[{"href":"https:\/\/www.europesays.com\/de\/wp-json\/wp\/v2\/types\/post"}],"author":[{"embeddable":true,"href":"https:\/\/www.europesays.com\/de\/wp-json\/wp\/v2\/users\/2"}],"replies":[{"embeddable":true,"href":"https:\/\/www.europesays.com\/de\/wp-json\/wp\/v2\/comments?post=152960"}],"version-history":[{"count":0,"href":"https:\/\/www.europesays.com\/de\/wp-json\/wp\/v2\/posts\/152960\/revisions"}],"wp:featuredmedia":[{"embeddable":true,"href":"https:\/\/www.europesays.com\/de\/wp-json\/wp\/v2\/media\/152961"}],"wp:attachment":[{"href":"https:\/\/www.europesays.com\/de\/wp-json\/wp\/v2\/media?parent=152960"}],"wp:term":[{"taxonomy":"category","embeddable":true,"href":"https:\/\/www.europesays.com\/de\/wp-json\/wp\/v2\/categories?post=152960"},{"taxonomy":"post_tag","embeddable":true,"href":"https:\/\/www.europesays.com\/de\/wp-json\/wp\/v2\/tags?post=152960"}],"curies":[{"name":"wp","href":"https:\/\/api.w.org\/{rel}","templated":true}]}}